{"id":503,"date":"2022-04-25T20:30:00","date_gmt":"2022-04-25T18:30:00","guid":{"rendered":"https:\/\/egalitedesterritoires.fr\/?p=503"},"modified":"2024-11-01T10:34:53","modified_gmt":"2024-11-01T09:34:53","slug":"operation-barkhane-enfin-la-fin","status":"publish","type":"post","link":"https:\/\/egalitedesterritoires.fr\/index.php\/2022\/04\/25\/operation-barkhane-enfin-la-fin\/","title":{"rendered":"Op\u00e9ration Barkhane : enfin la fin"},"content":{"rendered":"<div id=\"bsf_rt_marker\"><\/div>\n<p>Apr\u00e8s pr\u00e8s de dix ans d&rsquo;op\u00e9rations militaires au sahel, mettre fin \u00e0 l&rsquo;op\u00e9ration Barkhane est assez pertinent. D&rsquo;autant qu&rsquo;il ne s&rsquo;agit pas d&rsquo;un \u00ab\u00a0abandon\u00a0\u00bb, mais d&rsquo;une revue de la forme de soutiens apport\u00e9s aux pays.<\/p>\n\n\n\n<h2 class=\"wp-block-heading\">Une l\u00e9gitimit\u00e9 perdue avec le changement de r\u00e9gime<\/h2>\n\n\n\n<p>Ile ne faut pas oublier que les premiers d\u00e9pliements de troupes ont eu lieu \u00e0 la demande des autorit\u00e9s Maliennes de l&rsquo;\u00e9poque. Toutefois, la France s&rsquo;est plac\u00e9e en statut de commandant sur le terrain. Ceci \u00e9tait une erreur, car une partie des populations locales ont peu appr\u00e9ci\u00e9 ce retour de la \u00ab\u00a0Fran\u00e7afrique\u00a0\u00bb. Nous n&rsquo;\u00e9tions pas l\u00e9gitimes \u00e0 commander cette mission, mais nous aurions d\u00fb uniquement apporter un soutien logistique (mat\u00e9riel, hommes, formations, etc). De plus, si les premiers temps ont montr\u00e9 des signes encourageants d&rsquo;avanc\u00e9e sur les fronts du conflit, ils ont fini par stagner. En effet, les groupes rebelles se d\u00e9pla\u00e7aient ou activaient de nouvelles cellules dans des zones o\u00f9 la protection \u00e9tait plus r\u00e9duite.<\/p>\n\n\n\n<h2 class=\"wp-block-heading\">Un co\u00fbt \u00e9norme pour les finances publiques<\/h2>\n\n\n\n<p>L&rsquo;op\u00e9ration \u00e9tait ch\u00e8re, tr\u00e8s ch\u00e8re : <a href=\"https:\/\/www.leparisien.fr\/politique\/operation-barkhane-des-soldats-francais-toujours-en-premiere-ligne-17-11-2019-8194941.php\">700 millions d&rsquo;euros par an<\/a>. Dans le monde, la France est le pays pr\u00e9sent dans le plus grand nombre d&rsquo;op\u00e9rations ext\u00e9rieures. L&rsquo;industrie fran\u00e7aise de l&rsquo;armement a sans doute cr\u00e9\u00e9 des emplois pour honorer les commandes. Mais, une guerre qui co\u00fbte cher est difficile \u00e0 gagner, car la logistique (technique et financi\u00e8re) est importante. Sur ce point, je ne suis pas convaincu que le co\u00fbt de cette s\u00e9curit\u00e9 amont \u00e9tait aussi pertinent qu&rsquo;un investissement direct sur le territoire :<\/p>\n\n\n\n<ul><li>Renforcement du plan Vigipirate.<\/li><li>Am\u00e9lioration de la s\u00e9curit\u00e9 dans les \u00ab\u00a0quartiers sensibles\u00a0\u00bb.<\/li><li>Etc. <\/li><\/ul>\n\n\n\n<h2 class=\"wp-block-heading\">Le changement de r\u00e9gime local change les plans de la France<\/h2>\n\n\n\n<p>Lorsque l&rsquo;arm\u00e9e a renvers\u00e9 le gouvernement Malien en place, il \u00e9tait temps de revoir nos plans. Le premier f\u00fbt d&rsquo;impliquer les autres pays europ\u00e9ens pour ne pas porter seuls la responsabilit\u00e9 de la mission. Le probl\u00e8me de fond restait pr\u00e9sent. Il \u00e9tait difficile de reconnaitre une \u00ab\u00a0d\u00e9faite\u00a0\u00bb sur le plan de la l\u00e9gitimit\u00e9. Toutefois, <a href=\"https:\/\/www.lejdd.fr\/International\/sahel-pourquoi-la-disparition-de-loperation-barkhane-ne-signe-pas-la-fin-de-la-presence-francaise-au-mali-4063455\">le changement de forme propos\u00e9 est sans doute le bon compromis<\/a> :<\/p>\n\n\n\n<ul><li>D\u00e9ploiement dans des zones plus favorables \u00e0 la pr\u00e9sence Fran\u00e7aise.<\/li><li>Commandement dirig\u00e9 par les membres de la CEDEAO.<\/li><li>Programme de d\u00e9veloppement (\u00e9ducation) dans les zones prot\u00e9g\u00e9es.<\/li><\/ul>\n\n\n\n<h2 class=\"wp-block-heading\">L&rsquo;enfer est pav\u00e9 de bonnes intentions<\/h2>\n\n\n\n<p>Cette op\u00e9ration, partie d&rsquo;une bonne initiative, ne s&rsquo;est pas d\u00e9roul\u00e9e sans accorc. Mais ne parlons pas d&rsquo;\u00e9chec ou de d\u00e9faite. La remise en cause du fond et de la forme en sont la preuve.<\/p>\n","protected":false},"excerpt":{"rendered":"<p>Apr\u00e8s pr\u00e8s de dix ans d&rsquo;op\u00e9rations militaires au sahel, mettre fin \u00e0 l&rsquo;op\u00e9ration Barkhane est assez pertinent. D&rsquo;autant qu&rsquo;il ne s&rsquo;agit pas d&rsquo;un \u00ab\u00a0abandon\u00a0\u00bb, mais d&rsquo;une revue de la forme de soutiens apport\u00e9s aux pays. Une l\u00e9gitimit\u00e9 perdue avec le changement de r\u00e9gime Ile ne faut pas oublier que les premiers d\u00e9pliements de troupes ont &hellip; <\/p>\n<p class=\"link-more\"><a href=\"https:\/\/egalitedesterritoires.fr\/index.php\/2022\/04\/25\/operation-barkhane-enfin-la-fin\/\" class=\"more-link\">Continuer la lecture<span class=\"screen-reader-text\"> de &laquo;&nbsp;Op\u00e9ration Barkhane : enfin la fin&nbsp;&raquo;<\/span><\/a><\/p>\n","protected":false},"author":2,"featured_media":0,"comment_status":"closed","ping_status":"open","sticky":false,"template":"","format":"standard","meta":{"footnotes":""},"categories":[8,9],"tags":[3,5],"yoast_head":"<!-- This site is optimized with the Yoast SEO plugin v22.6 - https:\/\/yoast.com\/wordpress\/plugins\/seo\/ -->\n<title>Op\u00e9ration Barkhane : enfin la fin - Egalit\u00e9 des territoires<\/title>\n<meta name=\"robots\" content=\"index, follow, max-snippet:-1, max-image-preview:large, max-video-preview:-1\" \/>\n<link rel=\"canonical\" href=\"https:\/\/egalitedesterritoires.fr\/index.php\/2022\/04\/25\/operation-barkhane-enfin-la-fin\/\" \/>\n<meta property=\"og:locale\" content=\"fr_FR\" \/>\n<meta property=\"og:type\" content=\"article\" \/>\n<meta property=\"og:title\" content=\"Op\u00e9ration Barkhane : enfin la fin - Egalit\u00e9 des territoires\" \/>\n<meta property=\"og:description\" content=\"Apr\u00e8s pr\u00e8s de dix ans d&rsquo;op\u00e9rations militaires au sahel, mettre fin \u00e0 l&rsquo;op\u00e9ration Barkhane est assez pertinent. D&rsquo;autant qu&rsquo;il ne s&rsquo;agit pas d&rsquo;un \u00ab\u00a0abandon\u00a0\u00bb, mais d&rsquo;une revue de la forme de soutiens apport\u00e9s aux pays. Une l\u00e9gitimit\u00e9 perdue avec le changement de r\u00e9gime Ile ne faut pas oublier que les premiers d\u00e9pliements de troupes ont &hellip; Continuer la lecture de &laquo;&nbsp;Op\u00e9ration Barkhane : enfin la fin&nbsp;&raquo;\" \/>\n<meta property=\"og:url\" content=\"https:\/\/egalitedesterritoires.fr\/index.php\/2022\/04\/25\/operation-barkhane-enfin-la-fin\/\" \/>\n<meta property=\"og:site_name\" content=\"Egalit\u00e9 des territoires\" \/>\n<meta property=\"article:published_time\" content=\"2022-04-25T18:30:00+00:00\" \/>\n<meta property=\"article:modified_time\" content=\"2024-11-01T09:34:53+00:00\" \/>\n<meta name=\"author\" content=\"Editeur\" \/>\n<meta name=\"twitter:card\" content=\"summary_large_image\" \/>\n<meta name=\"twitter:label1\" content=\"\u00c9crit par\" \/>\n\t<meta name=\"twitter:data1\" content=\"Editeur\" \/>\n\t<meta name=\"twitter:label2\" content=\"Dur\u00e9e de lecture estim\u00e9e\" \/>\n\t<meta name=\"twitter:data2\" content=\"3 minutes\" \/>\n<script type=\"application\/ld+json\" class=\"yoast-schema-graph\">{\"@context\":\"https:\/\/schema.org\",\"@graph\":[{\"@type\":\"WebPage\",\"@id\":\"https:\/\/egalitedesterritoires.fr\/index.php\/2022\/04\/25\/operation-barkhane-enfin-la-fin\/\",\"url\":\"https:\/\/egalitedesterritoires.fr\/index.php\/2022\/04\/25\/operation-barkhane-enfin-la-fin\/\",\"name\":\"Op\u00e9ration Barkhane : enfin la fin - Egalit\u00e9 des territoires\",\"isPartOf\":{\"@id\":\"https:\/\/egalitedesterritoires.fr\/#website\"},\"datePublished\":\"2022-04-25T18:30:00+00:00\",\"dateModified\":\"2024-11-01T09:34:53+00:00\",\"author\":{\"@id\":\"https:\/\/egalitedesterritoires.fr\/#\/schema\/person\/c36fa3038a178a95f1a68d8ea0eef776\"},\"breadcrumb\":{\"@id\":\"https:\/\/egalitedesterritoires.fr\/index.php\/2022\/04\/25\/operation-barkhane-enfin-la-fin\/#breadcrumb\"},\"inLanguage\":\"fr-FR\",\"potentialAction\":[{\"@type\":\"ReadAction\",\"target\":[\"https:\/\/egalitedesterritoires.fr\/index.php\/2022\/04\/25\/operation-barkhane-enfin-la-fin\/\"]}]},{\"@type\":\"BreadcrumbList\",\"@id\":\"https:\/\/egalitedesterritoires.fr\/index.php\/2022\/04\/25\/operation-barkhane-enfin-la-fin\/#breadcrumb\",\"itemListElement\":[{\"@type\":\"ListItem\",\"position\":1,\"name\":\"Accueil\",\"item\":\"https:\/\/egalitedesterritoires.fr\/\"},{\"@type\":\"ListItem\",\"position\":2,\"name\":\"Op\u00e9ration Barkhane : enfin la fin\"}]},{\"@type\":\"WebSite\",\"@id\":\"https:\/\/egalitedesterritoires.fr\/#website\",\"url\":\"https:\/\/egalitedesterritoires.fr\/\",\"name\":\"Egalit\u00e9 des territoires\",\"description\":\"Les fran\u00e7ais sont tous \u00e9gaux, mais pas partout en France\",\"potentialAction\":[{\"@type\":\"SearchAction\",\"target\":{\"@type\":\"EntryPoint\",\"urlTemplate\":\"https:\/\/egalitedesterritoires.fr\/?s={search_term_string}\"},\"query-input\":\"required name=search_term_string\"}],\"inLanguage\":\"fr-FR\"},{\"@type\":\"Person\",\"@id\":\"https:\/\/egalitedesterritoires.fr\/#\/schema\/person\/c36fa3038a178a95f1a68d8ea0eef776\",\"name\":\"Editeur\",\"image\":{\"@type\":\"ImageObject\",\"inLanguage\":\"fr-FR\",\"@id\":\"https:\/\/egalitedesterritoires.fr\/#\/schema\/person\/image\/\",\"url\":\"https:\/\/secure.gravatar.com\/avatar\/b110c3c1599e47518a2d0e0d47ad44f1?s=96&d=mm&r=g\",\"contentUrl\":\"https:\/\/secure.gravatar.com\/avatar\/b110c3c1599e47518a2d0e0d47ad44f1?s=96&d=mm&r=g\",\"caption\":\"Editeur\"},\"url\":\"https:\/\/egalitedesterritoires.fr\/index.php\/author\/editeur\/\"}]}<\/script>\n<!-- \/ Yoast SEO plugin. -->","yoast_head_json":{"title":"Op\u00e9ration Barkhane : enfin la fin - Egalit\u00e9 des territoires","robots":{"index":"index","follow":"follow","max-snippet":"max-snippet:-1","max-image-preview":"max-image-preview:large","max-video-preview":"max-video-preview:-1"},"canonical":"https:\/\/egalitedesterritoires.fr\/index.php\/2022\/04\/25\/operation-barkhane-enfin-la-fin\/","og_locale":"fr_FR","og_type":"article","og_title":"Op\u00e9ration Barkhane : enfin la fin - Egalit\u00e9 des territoires","og_description":"Apr\u00e8s pr\u00e8s de dix ans d&rsquo;op\u00e9rations militaires au sahel, mettre fin \u00e0 l&rsquo;op\u00e9ration Barkhane est assez pertinent. D&rsquo;autant qu&rsquo;il ne s&rsquo;agit pas d&rsquo;un \u00ab\u00a0abandon\u00a0\u00bb, mais d&rsquo;une revue de la forme de soutiens apport\u00e9s aux pays. Une l\u00e9gitimit\u00e9 perdue avec le changement de r\u00e9gime Ile ne faut pas oublier que les premiers d\u00e9pliements de troupes ont &hellip; Continuer la lecture de &laquo;&nbsp;Op\u00e9ration Barkhane : enfin la fin&nbsp;&raquo;","og_url":"https:\/\/egalitedesterritoires.fr\/index.php\/2022\/04\/25\/operation-barkhane-enfin-la-fin\/","og_site_name":"Egalit\u00e9 des territoires","article_published_time":"2022-04-25T18:30:00+00:00","article_modified_time":"2024-11-01T09:34:53+00:00","author":"Editeur","twitter_card":"summary_large_image","twitter_misc":{"\u00c9crit par":"Editeur","Dur\u00e9e de lecture estim\u00e9e":"3 minutes"},"schema":{"@context":"https:\/\/schema.org","@graph":[{"@type":"WebPage","@id":"https:\/\/egalitedesterritoires.fr\/index.php\/2022\/04\/25\/operation-barkhane-enfin-la-fin\/","url":"https:\/\/egalitedesterritoires.fr\/index.php\/2022\/04\/25\/operation-barkhane-enfin-la-fin\/","name":"Op\u00e9ration Barkhane : enfin la fin - Egalit\u00e9 des territoires","isPartOf":{"@id":"https:\/\/egalitedesterritoires.fr\/#website"},"datePublished":"2022-04-25T18:30:00+00:00","dateModified":"2024-11-01T09:34:53+00:00","author":{"@id":"https:\/\/egalitedesterritoires.fr\/#\/schema\/person\/c36fa3038a178a95f1a68d8ea0eef776"},"breadcrumb":{"@id":"https:\/\/egalitedesterritoires.fr\/index.php\/2022\/04\/25\/operation-barkhane-enfin-la-fin\/#breadcrumb"},"inLanguage":"fr-FR","potentialAction":[{"@type":"ReadAction","target":["https:\/\/egalitedesterritoires.fr\/index.php\/2022\/04\/25\/operation-barkhane-enfin-la-fin\/"]}]},{"@type":"BreadcrumbList","@id":"https:\/\/egalitedesterritoires.fr\/index.php\/2022\/04\/25\/operation-barkhane-enfin-la-fin\/#breadcrumb","itemListElement":[{"@type":"ListItem","position":1,"name":"Accueil","item":"https:\/\/egalitedesterritoires.fr\/"},{"@type":"ListItem","position":2,"name":"Op\u00e9ration Barkhane : enfin la fin"}]},{"@type":"WebSite","@id":"https:\/\/egalitedesterritoires.fr\/#website","url":"https:\/\/egalitedesterritoires.fr\/","name":"Egalit\u00e9 des territoires","description":"Les fran\u00e7ais sont tous \u00e9gaux, mais pas partout en France","potentialAction":[{"@type":"SearchAction","target":{"@type":"EntryPoint","urlTemplate":"https:\/\/egalitedesterritoires.fr\/?s={search_term_string}"},"query-input":"required name=search_term_string"}],"inLanguage":"fr-FR"},{"@type":"Person","@id":"https:\/\/egalitedesterritoires.fr\/#\/schema\/person\/c36fa3038a178a95f1a68d8ea0eef776","name":"Editeur","image":{"@type":"ImageObject","inLanguage":"fr-FR","@id":"https:\/\/egalitedesterritoires.fr\/#\/schema\/person\/image\/","url":"https:\/\/secure.gravatar.com\/avatar\/b110c3c1599e47518a2d0e0d47ad44f1?s=96&d=mm&r=g","contentUrl":"https:\/\/secure.gravatar.com\/avatar\/b110c3c1599e47518a2d0e0d47ad44f1?s=96&d=mm&r=g","caption":"Editeur"},"url":"https:\/\/egalitedesterritoires.fr\/index.php\/author\/editeur\/"}]}},"_links":{"self":[{"href":"https:\/\/egalitedesterritoires.fr\/index.php\/wp-json\/wp\/v2\/posts\/503"}],"collection":[{"href":"https:\/\/egalitedesterritoires.fr\/index.php\/wp-json\/wp\/v2\/posts"}],"about":[{"href":"https:\/\/egalitedesterritoires.fr\/index.php\/wp-json\/wp\/v2\/types\/post"}],"author":[{"embeddable":true,"href":"https:\/\/egalitedesterritoires.fr\/index.php\/wp-json\/wp\/v2\/users\/2"}],"replies":[{"embeddable":true,"href":"https:\/\/egalitedesterritoires.fr\/index.php\/wp-json\/wp\/v2\/comments?post=503"}],"version-history":[{"count":4,"href":"https:\/\/egalitedesterritoires.fr\/index.php\/wp-json\/wp\/v2\/posts\/503\/revisions"}],"predecessor-version":[{"id":512,"href":"https:\/\/egalitedesterritoires.fr\/index.php\/wp-json\/wp\/v2\/posts\/503\/revisions\/512"}],"wp:attachment":[{"href":"https:\/\/egalitedesterritoires.fr\/index.php\/wp-json\/wp\/v2\/media?parent=503"}],"wp:term":[{"taxonomy":"category","embeddable":true,"href":"https:\/\/egalitedesterritoires.fr\/index.php\/wp-json\/wp\/v2\/categories?post=503"},{"taxonomy":"post_tag","embeddable":true,"href":"https:\/\/egalitedesterritoires.fr\/index.php\/wp-json\/wp\/v2\/tags?post=503"}],"curies":[{"name":"wp","href":"https:\/\/api.w.org\/{rel}","templated":true}]}}