{"id":458,"date":"2021-04-18T22:49:24","date_gmt":"2021-04-18T20:49:24","guid":{"rendered":"https:\/\/egalitedesterritoires.fr\/?p=458"},"modified":"2024-11-01T10:34:53","modified_gmt":"2024-11-01T09:34:53","slug":"facon-voter-evoluer","status":"publish","type":"post","link":"https:\/\/egalitedesterritoires.fr\/index.php\/2021\/04\/18\/facon-voter-evoluer\/","title":{"rendered":"Notre fa\u00e7on de voter doit \u00e9voluer"},"content":{"rendered":"<div id=\"bsf_rt_marker\"><\/div>\n<p>J&rsquo;en ai deja parl\u00e9 dans d&rsquo;autres articles, mais nos m\u00e9thodes de vote doivent \u00e9voluer.<\/p>\n\n\n\n<h2 class=\"wp-block-heading\">Le vote \u00e9lectronique \u00e0 distance<\/h2>\n\n\n\n<p>Actuellement, <a href=\"https:\/\/www.nouvelobs.com\/politique\/20201115.OBS36121\/darmanin-lance-sept-fleches-contre-le-vote-par-correspondance.html\">une partie du gouvernement y est oppos\u00e9<\/a>, \u00e0 juste titre. A force de tarder \u00e0 mettre en place des solutions de vote \u00e0 distance, nous ne seront pas pr\u00eats pour les prochaines \u00e9lections.<\/p>\n\n\n\n<p>D&rsquo;un point de vue technique, le vote \u00e9lectronique \u00e0 domicile est aussi fiable qu&rsquo;en bureau. Si un ordinateur personnel est attaqu\u00e9, il compromet un vote (ou quelques unit\u00e9s). Si une machine de vote est compromise dans un bureau, c&rsquo;est plusieurs centaines de votes qui son compromis. C&rsquo;\u00e9tait notamment <a href=\"https:\/\/fr.wikipedia.org\/wiki\/%C3%89lection_pr%C3%A9sidentielle_am%C3%A9ricaine_de_2000#Imbroglio_de_Floride\">la pol\u00e9mique en Floride en 2000<\/a>.<\/p>\n\n\n\n<p>De plus, le vote \u00e9lectronique permettrait de voter pour sa r\u00e9gion depuis n&rsquo;importe quel lieu en France.<\/p>\n\n\n\n<h2 class=\"wp-block-heading\">Limiter la pr\u00e9sence m\u00e9diatique des partis<\/h2>\n\n\n\n<blockquote class=\"wp-block-quote\"><p><em>Certains changent d\u2019id\u00e9es pour rester fid\u00e8le \u00e0 leur parti. Moi, je change de parti pour rester fid\u00e8le \u00e0 mes id\u00e9es<\/em><\/p><cite>Winston Churchill<\/cite><\/blockquote>\n\n\n\n<p><\/p>\n\n\n\n<h2 class=\"wp-block-heading\">Comptabilisons le vote blanc<\/h2>\n\n\n\n<p>Les \u00e9lections europ\u00e9ennes sont sans doute les plus concern\u00e9es. Le parti \u00ab\u00a0gagnant\u00a0\u00bb, c&rsquo;est l&rsquo;abstention. <\/p>\n\n\n\n<h2 class=\"wp-block-heading\">Diff\u00e9rencier les votes locaux et nationaux<\/h2>\n\n\n\n<p>Ok il s&rsquo;agit d&rsquo;une situation personnelle. M\u00eame apr\u00e8s quinze ans en Ile-de-France, je vote toujours en normandie. Je ne suis pas un cas isol\u00e9. Environ 100 000 fran\u00e7ais font ce choix. <\/p>\n\n\n\n<p>Actuellement, lorsqu&rsquo;on est inscrit sur une liste \u00e9lectorale, nous sommes appel\u00e9s aux urnes pour toutes les \u00e9lections locales associ\u00e9es. Si j&rsquo;ai choisi de voter en Normandie, c&rsquo;est pour d\u00e9cider de l&rsquo;avenir de ma r\u00e9gion. Le probl\u00e8me est que cel\u00e0 m&#8217;emp\u00eache de d\u00e9cider de la vie locale (au sein de ma ville donc).<\/p>\n\n\n\n<p>On peut me reprocher de vouloir le beurre et l&rsquo;argent du beurre. Pourtant, aujourd&rsquo;hui, les \u00e9lections municipales comportent d\u00e9j\u00e0 une diff\u00e9rence avec les autres \u00e9lections. Les r\u00e9sidents europ\u00e9ens peuvent \u00e9lire le maire de leur commune.<\/p>\n\n\n\n<h2 class=\"wp-block-heading\">Rendre le vote obligatoire<\/h2>\n\n\n\n<p>Une fois ces diff\u00e9rentes \u00e9volutions mises en place, qu&rsquo;est-ce qui nous emp\u00eache de voter ? Faudrait-il rappeler \u00e0 certains que des hommes et des femmes se sont battus pour que nous ayons le droit de choisir nos repr\u00e9sentants. Respectons leur m\u00e9moire, honorons nos devoir citoyens.<\/p>\n","protected":false},"excerpt":{"rendered":"<p>J&rsquo;en ai deja parl\u00e9 dans d&rsquo;autres articles, mais nos m\u00e9thodes de vote doivent \u00e9voluer. Le vote \u00e9lectronique \u00e0 distance Actuellement, une partie du gouvernement y est oppos\u00e9, \u00e0 juste titre. A force de tarder \u00e0 mettre en place des solutions de vote \u00e0 distance, nous ne seront pas pr\u00eats pour les prochaines \u00e9lections. D&rsquo;un point &hellip; <\/p>\n<p class=\"link-more\"><a href=\"https:\/\/egalitedesterritoires.fr\/index.php\/2021\/04\/18\/facon-voter-evoluer\/\" class=\"more-link\">Continuer la lecture<span class=\"screen-reader-text\"> de &laquo;&nbsp;Notre fa\u00e7on de voter doit \u00e9voluer&nbsp;&raquo;<\/span><\/a><\/p>\n","protected":false},"author":2,"featured_media":0,"comment_status":"closed","ping_status":"open","sticky":false,"template":"","format":"standard","meta":{"footnotes":""},"categories":[9,21],"tags":[5,20],"yoast_head":"<!-- This site is optimized with the Yoast SEO plugin v22.6 - https:\/\/yoast.com\/wordpress\/plugins\/seo\/ -->\n<title>Notre fa\u00e7on de voter doit \u00e9voluer - Egalit\u00e9 des territoires<\/title>\n<meta name=\"robots\" content=\"index, follow, max-snippet:-1, max-image-preview:large, max-video-preview:-1\" \/>\n<link rel=\"canonical\" href=\"https:\/\/egalitedesterritoires.fr\/index.php\/2021\/04\/18\/facon-voter-evoluer\/\" \/>\n<meta property=\"og:locale\" content=\"fr_FR\" \/>\n<meta property=\"og:type\" content=\"article\" \/>\n<meta property=\"og:title\" content=\"Notre fa\u00e7on de voter doit \u00e9voluer - Egalit\u00e9 des territoires\" \/>\n<meta property=\"og:description\" content=\"J&rsquo;en ai deja parl\u00e9 dans d&rsquo;autres articles, mais nos m\u00e9thodes de vote doivent \u00e9voluer. Le vote \u00e9lectronique \u00e0 distance Actuellement, une partie du gouvernement y est oppos\u00e9, \u00e0 juste titre. A force de tarder \u00e0 mettre en place des solutions de vote \u00e0 distance, nous ne seront pas pr\u00eats pour les prochaines \u00e9lections. D&rsquo;un point &hellip; Continuer la lecture de &laquo;&nbsp;Notre fa\u00e7on de voter doit \u00e9voluer&nbsp;&raquo;\" \/>\n<meta property=\"og:url\" content=\"https:\/\/egalitedesterritoires.fr\/index.php\/2021\/04\/18\/facon-voter-evoluer\/\" \/>\n<meta property=\"og:site_name\" content=\"Egalit\u00e9 des territoires\" \/>\n<meta property=\"article:published_time\" content=\"2021-04-18T20:49:24+00:00\" \/>\n<meta property=\"article:modified_time\" content=\"2024-11-01T09:34:53+00:00\" \/>\n<meta name=\"author\" content=\"Editeur\" \/>\n<meta name=\"twitter:card\" content=\"summary_large_image\" \/>\n<meta name=\"twitter:label1\" content=\"\u00c9crit par\" \/>\n\t<meta name=\"twitter:data1\" content=\"Editeur\" \/>\n\t<meta name=\"twitter:label2\" content=\"Dur\u00e9e de lecture estim\u00e9e\" \/>\n\t<meta name=\"twitter:data2\" content=\"2 minutes\" \/>\n<script type=\"application\/ld+json\" class=\"yoast-schema-graph\">{\"@context\":\"https:\/\/schema.org\",\"@graph\":[{\"@type\":\"WebPage\",\"@id\":\"https:\/\/egalitedesterritoires.fr\/index.php\/2021\/04\/18\/facon-voter-evoluer\/\",\"url\":\"https:\/\/egalitedesterritoires.fr\/index.php\/2021\/04\/18\/facon-voter-evoluer\/\",\"name\":\"Notre fa\u00e7on de voter doit \u00e9voluer - Egalit\u00e9 des territoires\",\"isPartOf\":{\"@id\":\"https:\/\/egalitedesterritoires.fr\/#website\"},\"datePublished\":\"2021-04-18T20:49:24+00:00\",\"dateModified\":\"2024-11-01T09:34:53+00:00\",\"author\":{\"@id\":\"https:\/\/egalitedesterritoires.fr\/#\/schema\/person\/c36fa3038a178a95f1a68d8ea0eef776\"},\"breadcrumb\":{\"@id\":\"https:\/\/egalitedesterritoires.fr\/index.php\/2021\/04\/18\/facon-voter-evoluer\/#breadcrumb\"},\"inLanguage\":\"fr-FR\",\"potentialAction\":[{\"@type\":\"ReadAction\",\"target\":[\"https:\/\/egalitedesterritoires.fr\/index.php\/2021\/04\/18\/facon-voter-evoluer\/\"]}]},{\"@type\":\"BreadcrumbList\",\"@id\":\"https:\/\/egalitedesterritoires.fr\/index.php\/2021\/04\/18\/facon-voter-evoluer\/#breadcrumb\",\"itemListElement\":[{\"@type\":\"ListItem\",\"position\":1,\"name\":\"Accueil\",\"item\":\"https:\/\/egalitedesterritoires.fr\/\"},{\"@type\":\"ListItem\",\"position\":2,\"name\":\"Notre fa\u00e7on de voter doit \u00e9voluer\"}]},{\"@type\":\"WebSite\",\"@id\":\"https:\/\/egalitedesterritoires.fr\/#website\",\"url\":\"https:\/\/egalitedesterritoires.fr\/\",\"name\":\"Egalit\u00e9 des territoires\",\"description\":\"Les fran\u00e7ais sont tous \u00e9gaux, mais pas partout en France\",\"potentialAction\":[{\"@type\":\"SearchAction\",\"target\":{\"@type\":\"EntryPoint\",\"urlTemplate\":\"https:\/\/egalitedesterritoires.fr\/?s={search_term_string}\"},\"query-input\":\"required name=search_term_string\"}],\"inLanguage\":\"fr-FR\"},{\"@type\":\"Person\",\"@id\":\"https:\/\/egalitedesterritoires.fr\/#\/schema\/person\/c36fa3038a178a95f1a68d8ea0eef776\",\"name\":\"Editeur\",\"image\":{\"@type\":\"ImageObject\",\"inLanguage\":\"fr-FR\",\"@id\":\"https:\/\/egalitedesterritoires.fr\/#\/schema\/person\/image\/\",\"url\":\"https:\/\/secure.gravatar.com\/avatar\/b110c3c1599e47518a2d0e0d47ad44f1?s=96&d=mm&r=g\",\"contentUrl\":\"https:\/\/secure.gravatar.com\/avatar\/b110c3c1599e47518a2d0e0d47ad44f1?s=96&d=mm&r=g\",\"caption\":\"Editeur\"},\"url\":\"https:\/\/egalitedesterritoires.fr\/index.php\/author\/editeur\/\"}]}<\/script>\n<!-- \/ Yoast SEO plugin. -->","yoast_head_json":{"title":"Notre fa\u00e7on de voter doit \u00e9voluer - Egalit\u00e9 des territoires","robots":{"index":"index","follow":"follow","max-snippet":"max-snippet:-1","max-image-preview":"max-image-preview:large","max-video-preview":"max-video-preview:-1"},"canonical":"https:\/\/egalitedesterritoires.fr\/index.php\/2021\/04\/18\/facon-voter-evoluer\/","og_locale":"fr_FR","og_type":"article","og_title":"Notre fa\u00e7on de voter doit \u00e9voluer - Egalit\u00e9 des territoires","og_description":"J&rsquo;en ai deja parl\u00e9 dans d&rsquo;autres articles, mais nos m\u00e9thodes de vote doivent \u00e9voluer. Le vote \u00e9lectronique \u00e0 distance Actuellement, une partie du gouvernement y est oppos\u00e9, \u00e0 juste titre. A force de tarder \u00e0 mettre en place des solutions de vote \u00e0 distance, nous ne seront pas pr\u00eats pour les prochaines \u00e9lections. D&rsquo;un point &hellip; Continuer la lecture de &laquo;&nbsp;Notre fa\u00e7on de voter doit \u00e9voluer&nbsp;&raquo;","og_url":"https:\/\/egalitedesterritoires.fr\/index.php\/2021\/04\/18\/facon-voter-evoluer\/","og_site_name":"Egalit\u00e9 des territoires","article_published_time":"2021-04-18T20:49:24+00:00","article_modified_time":"2024-11-01T09:34:53+00:00","author":"Editeur","twitter_card":"summary_large_image","twitter_misc":{"\u00c9crit par":"Editeur","Dur\u00e9e de lecture estim\u00e9e":"2 minutes"},"schema":{"@context":"https:\/\/schema.org","@graph":[{"@type":"WebPage","@id":"https:\/\/egalitedesterritoires.fr\/index.php\/2021\/04\/18\/facon-voter-evoluer\/","url":"https:\/\/egalitedesterritoires.fr\/index.php\/2021\/04\/18\/facon-voter-evoluer\/","name":"Notre fa\u00e7on de voter doit \u00e9voluer - Egalit\u00e9 des territoires","isPartOf":{"@id":"https:\/\/egalitedesterritoires.fr\/#website"},"datePublished":"2021-04-18T20:49:24+00:00","dateModified":"2024-11-01T09:34:53+00:00","author":{"@id":"https:\/\/egalitedesterritoires.fr\/#\/schema\/person\/c36fa3038a178a95f1a68d8ea0eef776"},"breadcrumb":{"@id":"https:\/\/egalitedesterritoires.fr\/index.php\/2021\/04\/18\/facon-voter-evoluer\/#breadcrumb"},"inLanguage":"fr-FR","potentialAction":[{"@type":"ReadAction","target":["https:\/\/egalitedesterritoires.fr\/index.php\/2021\/04\/18\/facon-voter-evoluer\/"]}]},{"@type":"BreadcrumbList","@id":"https:\/\/egalitedesterritoires.fr\/index.php\/2021\/04\/18\/facon-voter-evoluer\/#breadcrumb","itemListElement":[{"@type":"ListItem","position":1,"name":"Accueil","item":"https:\/\/egalitedesterritoires.fr\/"},{"@type":"ListItem","position":2,"name":"Notre fa\u00e7on de voter doit \u00e9voluer"}]},{"@type":"WebSite","@id":"https:\/\/egalitedesterritoires.fr\/#website","url":"https:\/\/egalitedesterritoires.fr\/","name":"Egalit\u00e9 des territoires","description":"Les fran\u00e7ais sont tous \u00e9gaux, mais pas partout en France","potentialAction":[{"@type":"SearchAction","target":{"@type":"EntryPoint","urlTemplate":"https:\/\/egalitedesterritoires.fr\/?s={search_term_string}"},"query-input":"required name=search_term_string"}],"inLanguage":"fr-FR"},{"@type":"Person","@id":"https:\/\/egalitedesterritoires.fr\/#\/schema\/person\/c36fa3038a178a95f1a68d8ea0eef776","name":"Editeur","image":{"@type":"ImageObject","inLanguage":"fr-FR","@id":"https:\/\/egalitedesterritoires.fr\/#\/schema\/person\/image\/","url":"https:\/\/secure.gravatar.com\/avatar\/b110c3c1599e47518a2d0e0d47ad44f1?s=96&d=mm&r=g","contentUrl":"https:\/\/secure.gravatar.com\/avatar\/b110c3c1599e47518a2d0e0d47ad44f1?s=96&d=mm&r=g","caption":"Editeur"},"url":"https:\/\/egalitedesterritoires.fr\/index.php\/author\/editeur\/"}]}},"_links":{"self":[{"href":"https:\/\/egalitedesterritoires.fr\/index.php\/wp-json\/wp\/v2\/posts\/458"}],"collection":[{"href":"https:\/\/egalitedesterritoires.fr\/index.php\/wp-json\/wp\/v2\/posts"}],"about":[{"href":"https:\/\/egalitedesterritoires.fr\/index.php\/wp-json\/wp\/v2\/types\/post"}],"author":[{"embeddable":true,"href":"https:\/\/egalitedesterritoires.fr\/index.php\/wp-json\/wp\/v2\/users\/2"}],"replies":[{"embeddable":true,"href":"https:\/\/egalitedesterritoires.fr\/index.php\/wp-json\/wp\/v2\/comments?post=458"}],"version-history":[{"count":3,"href":"https:\/\/egalitedesterritoires.fr\/index.php\/wp-json\/wp\/v2\/posts\/458\/revisions"}],"predecessor-version":[{"id":465,"href":"https:\/\/egalitedesterritoires.fr\/index.php\/wp-json\/wp\/v2\/posts\/458\/revisions\/465"}],"wp:attachment":[{"href":"https:\/\/egalitedesterritoires.fr\/index.php\/wp-json\/wp\/v2\/media?parent=458"}],"wp:term":[{"taxonomy":"category","embeddable":true,"href":"https:\/\/egalitedesterritoires.fr\/index.php\/wp-json\/wp\/v2\/categories?post=458"},{"taxonomy":"post_tag","embeddable":true,"href":"https:\/\/egalitedesterritoires.fr\/index.php\/wp-json\/wp\/v2\/tags?post=458"}],"curies":[{"name":"wp","href":"https:\/\/api.w.org\/{rel}","templated":true}]}}