{"id":304,"date":"2020-01-30T21:13:28","date_gmt":"2020-01-30T20:13:28","guid":{"rendered":"https:\/\/egalitedesterritoires.fr\/?p=304"},"modified":"2024-11-01T10:35:15","modified_gmt":"2024-11-01T09:35:15","slug":"ne-nous-trompons-enjeux-pas-quand-votons","status":"publish","type":"post","link":"https:\/\/egalitedesterritoires.fr\/index.php\/2020\/01\/30\/ne-nous-trompons-enjeux-pas-quand-votons\/","title":{"rendered":"Ne nous trompons d&rsquo;enjeux pas quand nous votons"},"content":{"rendered":"<div id=\"bsf_rt_marker\"><\/div>\n<h2 class=\"wp-block-heading\">Ce point est important dans toute \u00e9lection<\/h2>\n\n\n\n<p>Nous approchons des \u00e9lections municipales, le moment o\u00f9 on choisit le repr\u00e9sentant de sa commune ou sa ville.<\/p>\n\n\n\n<p>Pourtant, on voit les partis politiques y investir des candidats. On voit aussi des candidats \u00ab\u00a0dissidents\u00a0\u00bb <a href=\"http:\/\/www.leparisien.fr\/politique\/municipales-a-paris-cedric-villani-exclu-de-lrem-29-01-2020-8247966.php\">se faire exclure de leur parti s&rsquo;ils composent une liste hors du parti<\/a>.<\/p>\n\n\n\n<p>J&rsquo;ai d\u00e9j\u00e0 \u00e9voque ce probl\u00e8me <a href=\"https:\/\/egalitedesterritoires.fr\/index.php\/2019\/04\/12\/les-elections-legislatives-doivent-etre-modifiees-en-profondeur\/\">au sujet des d\u00e9put\u00e9s<\/a>. Le verrouillage des partis politiques a des cons\u00e9quences pendant les \u00e9lections locales. Face mise en avant du soutien d&rsquo;un parti sur les listes de candidats, la tentation d&rsquo;un \u00ab\u00a0vote sanction\u00a0\u00bb est forte pour certains \u00e9lecteurs. Pourtant, ces \u00e9lections qui ne devraient impliquer que des enjeux locaux.<\/p>\n\n\n\n<p> J&rsquo;avais d\u00e9j\u00e0 cit\u00e9 les arguments suivant <a href=\"http:\/\/leg\/\">dans mon article sur les \u00e9lections l\u00e9gislatives<\/a>. Mais \u00e7a s&rsquo;applique aussi au \u00e9lections municipales.<\/p>\n\n\n\n<h2 class=\"wp-block-heading\">Pour des \u00e9lections r\u00e9ussies<\/h2>\n\n\n\n<ul><li>Les affiches des listes \u00e9lectorales ne devraient pas faire r\u00e9f\u00e9rence aux partis politiques qui les soutiennent ou les investissent. Contrairement aux l\u00e9gislatives, ce n&rsquo;est pas trop le cas. D&rsquo;ailleurs, <a href=\"https:\/\/www.ouest-france.fr\/elections\/municipales\/la-moitie-des-francais-souhaitent-que-leur-maire-n-appartienne-aucun-parti-6712691\">les citoyens semblent r\u00e9ticents \u00e0 cette r\u00e9f\u00e9rence<\/a>.<\/li><li><a href=\"https:\/\/www.vie-publique.fr\/en-bref\/272794-municipales-2020-circulaire-pour-lattribution-des-nuances-politiques\">La notion de \u00ab\u00a0nuance politique\u00a0\u00bb<\/a>, dont l&rsquo;int\u00e9r\u00eat est purement statistique, doit \u00eatre retir\u00e9e.<\/li><li>Limitons les parachutages.\u00a0<strong>Le candidat devrait justifier que sa r\u00e9sidence principale est dans la commune o\u00f9 il se pr\u00e9sente depuis au moins trois ans.<\/strong><\/li><li><strong>Le candidat ne pourra pas se pr\u00e9senter apr\u00e8s 67 ans.<\/strong> Avis \u00e0 <a href=\"http:\/\/www.leparisien.fr\/hauts-de-seine-92\/municipales-a-issy-les-moulineaux-andre-santini-officialise-sa-candidature-17-01-2020-8238111.php\">Andr\u00e9 Santini<\/a> (parmi tant d&rsquo;autres).<\/li><li>La dur\u00e9e totale des mandats municipaux devraient <strong>\u00eatre limit\u00e9e \u00e0 20 ans<\/strong>. Si le candidat d&rsquo;une liste a \u00e9t\u00e9 d\u00e9put\u00e9, la dur\u00e9e totale des mandats devrait \u00eatre limit\u00e9 \u00e0 25 ans.<\/li><\/ul>\n\n\n\n<p>L&rsquo;un des probl\u00e8mes \u00e0 relever sera de trouver des maires. Pour des raisons diverses, <a href=\"https:\/\/www.francebleu.fr\/infos\/politique\/un-quart-des-maires-ne-veut-pas-se-representer-aux-elections-municipales-1573727889\">pr\u00e8s d&rsquo;un quart des \u00e9lus ne rempileront pas cette ann\u00e9e<\/a>. <a href=\"https:\/\/www.lexpress.fr\/actualite\/politique\/la-moitie-des-maires-ne-veut-pas-se-representer-en-2020_2048529.html\">Fin 2018, c&rsquo;\u00e9tait la moiti\u00e9 des \u00e9lus<\/a> qui voulaient s&rsquo;arr\u00eater \u00e0 la fin de leur mandat.<\/p>\n","protected":false},"excerpt":{"rendered":"<p>Ce point est important dans toute \u00e9lection Nous approchons des \u00e9lections municipales, le moment o\u00f9 on choisit le repr\u00e9sentant de sa commune ou sa ville. Pourtant, on voit les partis politiques y investir des candidats. On voit aussi des candidats \u00ab\u00a0dissidents\u00a0\u00bb se faire exclure de leur parti s&rsquo;ils composent une liste hors du parti. J&rsquo;ai &hellip; <\/p>\n<p class=\"link-more\"><a href=\"https:\/\/egalitedesterritoires.fr\/index.php\/2020\/01\/30\/ne-nous-trompons-enjeux-pas-quand-votons\/\" class=\"more-link\">Continuer la lecture<span class=\"screen-reader-text\"> de &laquo;&nbsp;Ne nous trompons d&rsquo;enjeux pas quand nous votons&nbsp;&raquo;<\/span><\/a><\/p>\n","protected":false},"author":2,"featured_media":0,"comment_status":"closed","ping_status":"open","sticky":false,"template":"","format":"standard","meta":{"footnotes":""},"categories":[9],"tags":[5],"yoast_head":"<!-- This site is optimized with the Yoast SEO plugin v22.6 - https:\/\/yoast.com\/wordpress\/plugins\/seo\/ -->\n<title>Ne nous trompons d&#039;enjeux pas quand nous votons - Egalit\u00e9 des territoires<\/title>\n<meta name=\"robots\" content=\"index, follow, max-snippet:-1, max-image-preview:large, max-video-preview:-1\" \/>\n<link rel=\"canonical\" href=\"https:\/\/egalitedesterritoires.fr\/index.php\/2020\/01\/30\/ne-nous-trompons-enjeux-pas-quand-votons\/\" \/>\n<meta property=\"og:locale\" content=\"fr_FR\" \/>\n<meta property=\"og:type\" content=\"article\" \/>\n<meta property=\"og:title\" content=\"Ne nous trompons d&#039;enjeux pas quand nous votons - Egalit\u00e9 des territoires\" \/>\n<meta property=\"og:description\" content=\"Ce point est important dans toute \u00e9lection Nous approchons des \u00e9lections municipales, le moment o\u00f9 on choisit le repr\u00e9sentant de sa commune ou sa ville. Pourtant, on voit les partis politiques y investir des candidats. On voit aussi des candidats \u00ab\u00a0dissidents\u00a0\u00bb se faire exclure de leur parti s&rsquo;ils composent une liste hors du parti. J&rsquo;ai &hellip; Continuer la lecture de &laquo;&nbsp;Ne nous trompons d&rsquo;enjeux pas quand nous votons&nbsp;&raquo;\" \/>\n<meta property=\"og:url\" content=\"https:\/\/egalitedesterritoires.fr\/index.php\/2020\/01\/30\/ne-nous-trompons-enjeux-pas-quand-votons\/\" \/>\n<meta property=\"og:site_name\" content=\"Egalit\u00e9 des territoires\" \/>\n<meta property=\"article:published_time\" content=\"2020-01-30T20:13:28+00:00\" \/>\n<meta property=\"article:modified_time\" content=\"2024-11-01T09:35:15+00:00\" \/>\n<meta name=\"author\" content=\"Editeur\" \/>\n<meta name=\"twitter:card\" content=\"summary_large_image\" \/>\n<meta name=\"twitter:label1\" content=\"\u00c9crit par\" \/>\n\t<meta name=\"twitter:data1\" content=\"Editeur\" \/>\n\t<meta name=\"twitter:label2\" content=\"Dur\u00e9e de lecture estim\u00e9e\" \/>\n\t<meta name=\"twitter:data2\" content=\"2 minutes\" \/>\n<script type=\"application\/ld+json\" class=\"yoast-schema-graph\">{\"@context\":\"https:\/\/schema.org\",\"@graph\":[{\"@type\":\"WebPage\",\"@id\":\"https:\/\/egalitedesterritoires.fr\/index.php\/2020\/01\/30\/ne-nous-trompons-enjeux-pas-quand-votons\/\",\"url\":\"https:\/\/egalitedesterritoires.fr\/index.php\/2020\/01\/30\/ne-nous-trompons-enjeux-pas-quand-votons\/\",\"name\":\"Ne nous trompons d'enjeux pas quand nous votons - Egalit\u00e9 des territoires\",\"isPartOf\":{\"@id\":\"https:\/\/egalitedesterritoires.fr\/#website\"},\"datePublished\":\"2020-01-30T20:13:28+00:00\",\"dateModified\":\"2024-11-01T09:35:15+00:00\",\"author\":{\"@id\":\"https:\/\/egalitedesterritoires.fr\/#\/schema\/person\/c36fa3038a178a95f1a68d8ea0eef776\"},\"breadcrumb\":{\"@id\":\"https:\/\/egalitedesterritoires.fr\/index.php\/2020\/01\/30\/ne-nous-trompons-enjeux-pas-quand-votons\/#breadcrumb\"},\"inLanguage\":\"fr-FR\",\"potentialAction\":[{\"@type\":\"ReadAction\",\"target\":[\"https:\/\/egalitedesterritoires.fr\/index.php\/2020\/01\/30\/ne-nous-trompons-enjeux-pas-quand-votons\/\"]}]},{\"@type\":\"BreadcrumbList\",\"@id\":\"https:\/\/egalitedesterritoires.fr\/index.php\/2020\/01\/30\/ne-nous-trompons-enjeux-pas-quand-votons\/#breadcrumb\",\"itemListElement\":[{\"@type\":\"ListItem\",\"position\":1,\"name\":\"Accueil\",\"item\":\"https:\/\/egalitedesterritoires.fr\/\"},{\"@type\":\"ListItem\",\"position\":2,\"name\":\"Ne nous trompons d&rsquo;enjeux pas quand nous votons\"}]},{\"@type\":\"WebSite\",\"@id\":\"https:\/\/egalitedesterritoires.fr\/#website\",\"url\":\"https:\/\/egalitedesterritoires.fr\/\",\"name\":\"Egalit\u00e9 des territoires\",\"description\":\"Les fran\u00e7ais sont tous \u00e9gaux, mais pas partout en France\",\"potentialAction\":[{\"@type\":\"SearchAction\",\"target\":{\"@type\":\"EntryPoint\",\"urlTemplate\":\"https:\/\/egalitedesterritoires.fr\/?s={search_term_string}\"},\"query-input\":\"required name=search_term_string\"}],\"inLanguage\":\"fr-FR\"},{\"@type\":\"Person\",\"@id\":\"https:\/\/egalitedesterritoires.fr\/#\/schema\/person\/c36fa3038a178a95f1a68d8ea0eef776\",\"name\":\"Editeur\",\"image\":{\"@type\":\"ImageObject\",\"inLanguage\":\"fr-FR\",\"@id\":\"https:\/\/egalitedesterritoires.fr\/#\/schema\/person\/image\/\",\"url\":\"https:\/\/secure.gravatar.com\/avatar\/b110c3c1599e47518a2d0e0d47ad44f1?s=96&d=mm&r=g\",\"contentUrl\":\"https:\/\/secure.gravatar.com\/avatar\/b110c3c1599e47518a2d0e0d47ad44f1?s=96&d=mm&r=g\",\"caption\":\"Editeur\"},\"url\":\"https:\/\/egalitedesterritoires.fr\/index.php\/author\/editeur\/\"}]}<\/script>\n<!-- \/ Yoast SEO plugin. -->","yoast_head_json":{"title":"Ne nous trompons d'enjeux pas quand nous votons - Egalit\u00e9 des territoires","robots":{"index":"index","follow":"follow","max-snippet":"max-snippet:-1","max-image-preview":"max-image-preview:large","max-video-preview":"max-video-preview:-1"},"canonical":"https:\/\/egalitedesterritoires.fr\/index.php\/2020\/01\/30\/ne-nous-trompons-enjeux-pas-quand-votons\/","og_locale":"fr_FR","og_type":"article","og_title":"Ne nous trompons d'enjeux pas quand nous votons - Egalit\u00e9 des territoires","og_description":"Ce point est important dans toute \u00e9lection Nous approchons des \u00e9lections municipales, le moment o\u00f9 on choisit le repr\u00e9sentant de sa commune ou sa ville. Pourtant, on voit les partis politiques y investir des candidats. On voit aussi des candidats \u00ab\u00a0dissidents\u00a0\u00bb se faire exclure de leur parti s&rsquo;ils composent une liste hors du parti. J&rsquo;ai &hellip; Continuer la lecture de &laquo;&nbsp;Ne nous trompons d&rsquo;enjeux pas quand nous votons&nbsp;&raquo;","og_url":"https:\/\/egalitedesterritoires.fr\/index.php\/2020\/01\/30\/ne-nous-trompons-enjeux-pas-quand-votons\/","og_site_name":"Egalit\u00e9 des territoires","article_published_time":"2020-01-30T20:13:28+00:00","article_modified_time":"2024-11-01T09:35:15+00:00","author":"Editeur","twitter_card":"summary_large_image","twitter_misc":{"\u00c9crit par":"Editeur","Dur\u00e9e de lecture estim\u00e9e":"2 minutes"},"schema":{"@context":"https:\/\/schema.org","@graph":[{"@type":"WebPage","@id":"https:\/\/egalitedesterritoires.fr\/index.php\/2020\/01\/30\/ne-nous-trompons-enjeux-pas-quand-votons\/","url":"https:\/\/egalitedesterritoires.fr\/index.php\/2020\/01\/30\/ne-nous-trompons-enjeux-pas-quand-votons\/","name":"Ne nous trompons d'enjeux pas quand nous votons - Egalit\u00e9 des territoires","isPartOf":{"@id":"https:\/\/egalitedesterritoires.fr\/#website"},"datePublished":"2020-01-30T20:13:28+00:00","dateModified":"2024-11-01T09:35:15+00:00","author":{"@id":"https:\/\/egalitedesterritoires.fr\/#\/schema\/person\/c36fa3038a178a95f1a68d8ea0eef776"},"breadcrumb":{"@id":"https:\/\/egalitedesterritoires.fr\/index.php\/2020\/01\/30\/ne-nous-trompons-enjeux-pas-quand-votons\/#breadcrumb"},"inLanguage":"fr-FR","potentialAction":[{"@type":"ReadAction","target":["https:\/\/egalitedesterritoires.fr\/index.php\/2020\/01\/30\/ne-nous-trompons-enjeux-pas-quand-votons\/"]}]},{"@type":"BreadcrumbList","@id":"https:\/\/egalitedesterritoires.fr\/index.php\/2020\/01\/30\/ne-nous-trompons-enjeux-pas-quand-votons\/#breadcrumb","itemListElement":[{"@type":"ListItem","position":1,"name":"Accueil","item":"https:\/\/egalitedesterritoires.fr\/"},{"@type":"ListItem","position":2,"name":"Ne nous trompons d&rsquo;enjeux pas quand nous votons"}]},{"@type":"WebSite","@id":"https:\/\/egalitedesterritoires.fr\/#website","url":"https:\/\/egalitedesterritoires.fr\/","name":"Egalit\u00e9 des territoires","description":"Les fran\u00e7ais sont tous \u00e9gaux, mais pas partout en France","potentialAction":[{"@type":"SearchAction","target":{"@type":"EntryPoint","urlTemplate":"https:\/\/egalitedesterritoires.fr\/?s={search_term_string}"},"query-input":"required name=search_term_string"}],"inLanguage":"fr-FR"},{"@type":"Person","@id":"https:\/\/egalitedesterritoires.fr\/#\/schema\/person\/c36fa3038a178a95f1a68d8ea0eef776","name":"Editeur","image":{"@type":"ImageObject","inLanguage":"fr-FR","@id":"https:\/\/egalitedesterritoires.fr\/#\/schema\/person\/image\/","url":"https:\/\/secure.gravatar.com\/avatar\/b110c3c1599e47518a2d0e0d47ad44f1?s=96&d=mm&r=g","contentUrl":"https:\/\/secure.gravatar.com\/avatar\/b110c3c1599e47518a2d0e0d47ad44f1?s=96&d=mm&r=g","caption":"Editeur"},"url":"https:\/\/egalitedesterritoires.fr\/index.php\/author\/editeur\/"}]}},"_links":{"self":[{"href":"https:\/\/egalitedesterritoires.fr\/index.php\/wp-json\/wp\/v2\/posts\/304"}],"collection":[{"href":"https:\/\/egalitedesterritoires.fr\/index.php\/wp-json\/wp\/v2\/posts"}],"about":[{"href":"https:\/\/egalitedesterritoires.fr\/index.php\/wp-json\/wp\/v2\/types\/post"}],"author":[{"embeddable":true,"href":"https:\/\/egalitedesterritoires.fr\/index.php\/wp-json\/wp\/v2\/users\/2"}],"replies":[{"embeddable":true,"href":"https:\/\/egalitedesterritoires.fr\/index.php\/wp-json\/wp\/v2\/comments?post=304"}],"version-history":[{"count":3,"href":"https:\/\/egalitedesterritoires.fr\/index.php\/wp-json\/wp\/v2\/posts\/304\/revisions"}],"predecessor-version":[{"id":341,"href":"https:\/\/egalitedesterritoires.fr\/index.php\/wp-json\/wp\/v2\/posts\/304\/revisions\/341"}],"wp:attachment":[{"href":"https:\/\/egalitedesterritoires.fr\/index.php\/wp-json\/wp\/v2\/media?parent=304"}],"wp:term":[{"taxonomy":"category","embeddable":true,"href":"https:\/\/egalitedesterritoires.fr\/index.php\/wp-json\/wp\/v2\/categories?post=304"},{"taxonomy":"post_tag","embeddable":true,"href":"https:\/\/egalitedesterritoires.fr\/index.php\/wp-json\/wp\/v2\/tags?post=304"}],"curies":[{"name":"wp","href":"https:\/\/api.w.org\/{rel}","templated":true}]}}