{"id":261,"date":"2019-12-15T13:02:00","date_gmt":"2019-12-15T12:02:00","guid":{"rendered":"https:\/\/egalitedesterritoires.fr\/?p=261"},"modified":"2024-11-01T10:35:15","modified_gmt":"2024-11-01T09:35:15","slug":"dedensification-interet-pour-outremer","status":"publish","type":"post","link":"https:\/\/egalitedesterritoires.fr\/index.php\/2019\/12\/15\/dedensification-interet-pour-outremer\/","title":{"rendered":"La d\u00e9densification : quel int\u00e9r\u00eat pour l&rsquo;outremer ?"},"content":{"rendered":"<div id=\"bsf_rt_marker\"><\/div>\n<p>Dernier volet qui concerne les citoyens d&rsquo;outremer, qu&rsquo;il ne faut pas oublier. <\/p>\n\n\n\n<p>Si j&rsquo;ai d\u00e9cid\u00e9 de parler s\u00e9par\u00e9ment de l&rsquo;outremer, c&rsquo;est qu&rsquo;on oublie souvent cette partie du territoire. De plus, chacun poss\u00e8de ses sp\u00e9cificit\u00e9s (climatique, g\u00e9ographique, politique ou culturelle).<\/p>\n\n\n\n<p>Il faut savoir qu&rsquo;un ensemble de lois existent sur le sujet, c&rsquo;est ce qu&rsquo;on appelle la <a href=\"https:\/\/fr.wikipedia.org\/wiki\/Continuit%C3%A9_territoriale#Application_sur_le_territoire_fran%C3%A7ais\">continuit\u00e9 territoriale<\/a>. Mais, \u00e0 part en Corse (pas trop loin de la m\u00e9tropole), les subventions attribu\u00e9es ont globalement disparu depuis 2007.<\/p>\n\n\n\n<p>Ind\u00e9pendamment de notre histoire, nous profitons toujours de ces territoires. Gr\u00e2ce \u00e0 la disposition de ces diff\u00e9rents \u00ab\u00a0cailloux\u00a0\u00bb (surnom de la nouvelle Cal\u00e9donie), nous exploitons notamment les <a href=\"https:\/\/fr.wikipedia.org\/wiki\/Zone_%C3%A9conomique_exclusive#France\">zones \u00e9conomiques exclusives<\/a>.<\/p>\n\n\n\n<p>Une d\u00e9densification apporterait \u00e0 l&rsquo;outremer <a href=\"https:\/\/egalitedesterritoires.fr\/index.php\/2019\/11\/11\/dedensification-interet-pour-france\/\">les m\u00eames avantages qu&rsquo;au reste de la France<\/a>. Mais on pourrait y ajouter d&rsquo;autres opportunit\u00e9s :<\/p>\n\n\n\n<ul><li><strong>Moins de s\u00e9parations familiales<\/strong> provoqu\u00e9es par la recherche d&rsquo;une \u00e9conomie \u00ab\u00a0plus florissante\u00a0\u00bb en m\u00e9tropole. Cet argument peut sembler exag\u00e9r\u00e9, mais il faut demander leur avis aux \u00ab\u00a0victimes\u00a0\u00bb du <a href=\"https:\/\/fr.wikipedia.org\/wiki\/Bureau_pour_le_d%C3%A9veloppement_des_migrations_dans_les_d%C3%A9partements_d%27outre-mer\">BUMIDOM<\/a>.<\/li><li><strong>De meilleures relations avec les acteurs \u00e9conomiques et politiques de m\u00e9tropole<\/strong>, <a href=\"https:\/\/www.bastamag.net\/Comment-EDF-et-l-Etat-excluent-l-Outre-mer-des-benefices-de-la-transition\">trop \u00e9loign\u00e9s pour connaitre les impacts de certains de leur choix<\/a>.<\/li><li>Moins de d\u00e9placements \u00e9gal moins de CO2. Oui, \u00e7a participe aussi \u00e0 <strong>la r\u00e9duction de notre empreinte carbone<\/strong>.<\/li><li>La possibilit\u00e9 de cr\u00e9er <strong>de nouvelles relations \u00e9conomiques<\/strong> avec les pays voisins des territoires ultramarins.  <\/li><\/ul>\n\n\n\n<p>Il est temps que chaque territoire profite de ses propres atouts. R\u00e9partissons nos resources et nos capacit\u00e9s afin d&rsquo;offrir une \u00e9conomie autosuffisante partout en France.<\/p>\n","protected":false},"excerpt":{"rendered":"<p>Dernier volet qui concerne les citoyens d&rsquo;outremer, qu&rsquo;il ne faut pas oublier. Si j&rsquo;ai d\u00e9cid\u00e9 de parler s\u00e9par\u00e9ment de l&rsquo;outremer, c&rsquo;est qu&rsquo;on oublie souvent cette partie du territoire. De plus, chacun poss\u00e8de ses sp\u00e9cificit\u00e9s (climatique, g\u00e9ographique, politique ou culturelle). Il faut savoir qu&rsquo;un ensemble de lois existent sur le sujet, c&rsquo;est ce qu&rsquo;on appelle la &hellip; <\/p>\n<p class=\"link-more\"><a href=\"https:\/\/egalitedesterritoires.fr\/index.php\/2019\/12\/15\/dedensification-interet-pour-outremer\/\" class=\"more-link\">Continuer la lecture<span class=\"screen-reader-text\"> de &laquo;&nbsp;La d\u00e9densification : quel int\u00e9r\u00eat pour l&rsquo;outremer ?&nbsp;&raquo;<\/span><\/a><\/p>\n","protected":false},"author":2,"featured_media":0,"comment_status":"closed","ping_status":"open","sticky":false,"template":"","format":"standard","meta":{"footnotes":""},"categories":[7,8,10],"tags":[4,3,6],"yoast_head":"<!-- This site is optimized with the Yoast SEO plugin v22.6 - https:\/\/yoast.com\/wordpress\/plugins\/seo\/ -->\n<title>La d\u00e9densification : quel int\u00e9r\u00eat pour l&#039;outremer ? - Egalit\u00e9 des territoires<\/title>\n<meta name=\"robots\" content=\"index, follow, max-snippet:-1, max-image-preview:large, max-video-preview:-1\" \/>\n<link rel=\"canonical\" href=\"https:\/\/egalitedesterritoires.fr\/index.php\/2019\/12\/15\/dedensification-interet-pour-outremer\/\" \/>\n<meta property=\"og:locale\" content=\"fr_FR\" \/>\n<meta property=\"og:type\" content=\"article\" \/>\n<meta property=\"og:title\" content=\"La d\u00e9densification : quel int\u00e9r\u00eat pour l&#039;outremer ? - Egalit\u00e9 des territoires\" \/>\n<meta property=\"og:description\" content=\"Dernier volet qui concerne les citoyens d&rsquo;outremer, qu&rsquo;il ne faut pas oublier. Si j&rsquo;ai d\u00e9cid\u00e9 de parler s\u00e9par\u00e9ment de l&rsquo;outremer, c&rsquo;est qu&rsquo;on oublie souvent cette partie du territoire. De plus, chacun poss\u00e8de ses sp\u00e9cificit\u00e9s (climatique, g\u00e9ographique, politique ou culturelle). Il faut savoir qu&rsquo;un ensemble de lois existent sur le sujet, c&rsquo;est ce qu&rsquo;on appelle la &hellip; Continuer la lecture de &laquo;&nbsp;La d\u00e9densification : quel int\u00e9r\u00eat pour l&rsquo;outremer ?&nbsp;&raquo;\" \/>\n<meta property=\"og:url\" content=\"https:\/\/egalitedesterritoires.fr\/index.php\/2019\/12\/15\/dedensification-interet-pour-outremer\/\" \/>\n<meta property=\"og:site_name\" content=\"Egalit\u00e9 des territoires\" \/>\n<meta property=\"article:published_time\" content=\"2019-12-15T12:02:00+00:00\" \/>\n<meta property=\"article:modified_time\" content=\"2024-11-01T09:35:15+00:00\" \/>\n<meta name=\"author\" content=\"Editeur\" \/>\n<meta name=\"twitter:card\" content=\"summary_large_image\" \/>\n<meta name=\"twitter:label1\" content=\"\u00c9crit par\" \/>\n\t<meta name=\"twitter:data1\" content=\"Editeur\" \/>\n\t<meta name=\"twitter:label2\" content=\"Dur\u00e9e de lecture estim\u00e9e\" \/>\n\t<meta name=\"twitter:data2\" content=\"1 minute\" \/>\n<script type=\"application\/ld+json\" class=\"yoast-schema-graph\">{\"@context\":\"https:\/\/schema.org\",\"@graph\":[{\"@type\":\"WebPage\",\"@id\":\"https:\/\/egalitedesterritoires.fr\/index.php\/2019\/12\/15\/dedensification-interet-pour-outremer\/\",\"url\":\"https:\/\/egalitedesterritoires.fr\/index.php\/2019\/12\/15\/dedensification-interet-pour-outremer\/\",\"name\":\"La d\u00e9densification : quel int\u00e9r\u00eat pour l'outremer ? - Egalit\u00e9 des territoires\",\"isPartOf\":{\"@id\":\"https:\/\/egalitedesterritoires.fr\/#website\"},\"datePublished\":\"2019-12-15T12:02:00+00:00\",\"dateModified\":\"2024-11-01T09:35:15+00:00\",\"author\":{\"@id\":\"https:\/\/egalitedesterritoires.fr\/#\/schema\/person\/c36fa3038a178a95f1a68d8ea0eef776\"},\"breadcrumb\":{\"@id\":\"https:\/\/egalitedesterritoires.fr\/index.php\/2019\/12\/15\/dedensification-interet-pour-outremer\/#breadcrumb\"},\"inLanguage\":\"fr-FR\",\"potentialAction\":[{\"@type\":\"ReadAction\",\"target\":[\"https:\/\/egalitedesterritoires.fr\/index.php\/2019\/12\/15\/dedensification-interet-pour-outremer\/\"]}]},{\"@type\":\"BreadcrumbList\",\"@id\":\"https:\/\/egalitedesterritoires.fr\/index.php\/2019\/12\/15\/dedensification-interet-pour-outremer\/#breadcrumb\",\"itemListElement\":[{\"@type\":\"ListItem\",\"position\":1,\"name\":\"Accueil\",\"item\":\"https:\/\/egalitedesterritoires.fr\/\"},{\"@type\":\"ListItem\",\"position\":2,\"name\":\"La d\u00e9densification : quel int\u00e9r\u00eat pour l&rsquo;outremer ?\"}]},{\"@type\":\"WebSite\",\"@id\":\"https:\/\/egalitedesterritoires.fr\/#website\",\"url\":\"https:\/\/egalitedesterritoires.fr\/\",\"name\":\"Egalit\u00e9 des territoires\",\"description\":\"Les fran\u00e7ais sont tous \u00e9gaux, mais pas partout en France\",\"potentialAction\":[{\"@type\":\"SearchAction\",\"target\":{\"@type\":\"EntryPoint\",\"urlTemplate\":\"https:\/\/egalitedesterritoires.fr\/?s={search_term_string}\"},\"query-input\":\"required name=search_term_string\"}],\"inLanguage\":\"fr-FR\"},{\"@type\":\"Person\",\"@id\":\"https:\/\/egalitedesterritoires.fr\/#\/schema\/person\/c36fa3038a178a95f1a68d8ea0eef776\",\"name\":\"Editeur\",\"image\":{\"@type\":\"ImageObject\",\"inLanguage\":\"fr-FR\",\"@id\":\"https:\/\/egalitedesterritoires.fr\/#\/schema\/person\/image\/\",\"url\":\"https:\/\/secure.gravatar.com\/avatar\/b110c3c1599e47518a2d0e0d47ad44f1?s=96&d=mm&r=g\",\"contentUrl\":\"https:\/\/secure.gravatar.com\/avatar\/b110c3c1599e47518a2d0e0d47ad44f1?s=96&d=mm&r=g\",\"caption\":\"Editeur\"},\"url\":\"https:\/\/egalitedesterritoires.fr\/index.php\/author\/editeur\/\"}]}<\/script>\n<!-- \/ Yoast SEO plugin. -->","yoast_head_json":{"title":"La d\u00e9densification : quel int\u00e9r\u00eat pour l'outremer ? - Egalit\u00e9 des territoires","robots":{"index":"index","follow":"follow","max-snippet":"max-snippet:-1","max-image-preview":"max-image-preview:large","max-video-preview":"max-video-preview:-1"},"canonical":"https:\/\/egalitedesterritoires.fr\/index.php\/2019\/12\/15\/dedensification-interet-pour-outremer\/","og_locale":"fr_FR","og_type":"article","og_title":"La d\u00e9densification : quel int\u00e9r\u00eat pour l'outremer ? - Egalit\u00e9 des territoires","og_description":"Dernier volet qui concerne les citoyens d&rsquo;outremer, qu&rsquo;il ne faut pas oublier. Si j&rsquo;ai d\u00e9cid\u00e9 de parler s\u00e9par\u00e9ment de l&rsquo;outremer, c&rsquo;est qu&rsquo;on oublie souvent cette partie du territoire. De plus, chacun poss\u00e8de ses sp\u00e9cificit\u00e9s (climatique, g\u00e9ographique, politique ou culturelle). Il faut savoir qu&rsquo;un ensemble de lois existent sur le sujet, c&rsquo;est ce qu&rsquo;on appelle la &hellip; Continuer la lecture de &laquo;&nbsp;La d\u00e9densification : quel int\u00e9r\u00eat pour l&rsquo;outremer ?&nbsp;&raquo;","og_url":"https:\/\/egalitedesterritoires.fr\/index.php\/2019\/12\/15\/dedensification-interet-pour-outremer\/","og_site_name":"Egalit\u00e9 des territoires","article_published_time":"2019-12-15T12:02:00+00:00","article_modified_time":"2024-11-01T09:35:15+00:00","author":"Editeur","twitter_card":"summary_large_image","twitter_misc":{"\u00c9crit par":"Editeur","Dur\u00e9e de lecture estim\u00e9e":"1 minute"},"schema":{"@context":"https:\/\/schema.org","@graph":[{"@type":"WebPage","@id":"https:\/\/egalitedesterritoires.fr\/index.php\/2019\/12\/15\/dedensification-interet-pour-outremer\/","url":"https:\/\/egalitedesterritoires.fr\/index.php\/2019\/12\/15\/dedensification-interet-pour-outremer\/","name":"La d\u00e9densification : quel int\u00e9r\u00eat pour l'outremer ? - Egalit\u00e9 des territoires","isPartOf":{"@id":"https:\/\/egalitedesterritoires.fr\/#website"},"datePublished":"2019-12-15T12:02:00+00:00","dateModified":"2024-11-01T09:35:15+00:00","author":{"@id":"https:\/\/egalitedesterritoires.fr\/#\/schema\/person\/c36fa3038a178a95f1a68d8ea0eef776"},"breadcrumb":{"@id":"https:\/\/egalitedesterritoires.fr\/index.php\/2019\/12\/15\/dedensification-interet-pour-outremer\/#breadcrumb"},"inLanguage":"fr-FR","potentialAction":[{"@type":"ReadAction","target":["https:\/\/egalitedesterritoires.fr\/index.php\/2019\/12\/15\/dedensification-interet-pour-outremer\/"]}]},{"@type":"BreadcrumbList","@id":"https:\/\/egalitedesterritoires.fr\/index.php\/2019\/12\/15\/dedensification-interet-pour-outremer\/#breadcrumb","itemListElement":[{"@type":"ListItem","position":1,"name":"Accueil","item":"https:\/\/egalitedesterritoires.fr\/"},{"@type":"ListItem","position":2,"name":"La d\u00e9densification : quel int\u00e9r\u00eat pour l&rsquo;outremer ?"}]},{"@type":"WebSite","@id":"https:\/\/egalitedesterritoires.fr\/#website","url":"https:\/\/egalitedesterritoires.fr\/","name":"Egalit\u00e9 des territoires","description":"Les fran\u00e7ais sont tous \u00e9gaux, mais pas partout en France","potentialAction":[{"@type":"SearchAction","target":{"@type":"EntryPoint","urlTemplate":"https:\/\/egalitedesterritoires.fr\/?s={search_term_string}"},"query-input":"required name=search_term_string"}],"inLanguage":"fr-FR"},{"@type":"Person","@id":"https:\/\/egalitedesterritoires.fr\/#\/schema\/person\/c36fa3038a178a95f1a68d8ea0eef776","name":"Editeur","image":{"@type":"ImageObject","inLanguage":"fr-FR","@id":"https:\/\/egalitedesterritoires.fr\/#\/schema\/person\/image\/","url":"https:\/\/secure.gravatar.com\/avatar\/b110c3c1599e47518a2d0e0d47ad44f1?s=96&d=mm&r=g","contentUrl":"https:\/\/secure.gravatar.com\/avatar\/b110c3c1599e47518a2d0e0d47ad44f1?s=96&d=mm&r=g","caption":"Editeur"},"url":"https:\/\/egalitedesterritoires.fr\/index.php\/author\/editeur\/"}]}},"_links":{"self":[{"href":"https:\/\/egalitedesterritoires.fr\/index.php\/wp-json\/wp\/v2\/posts\/261"}],"collection":[{"href":"https:\/\/egalitedesterritoires.fr\/index.php\/wp-json\/wp\/v2\/posts"}],"about":[{"href":"https:\/\/egalitedesterritoires.fr\/index.php\/wp-json\/wp\/v2\/types\/post"}],"author":[{"embeddable":true,"href":"https:\/\/egalitedesterritoires.fr\/index.php\/wp-json\/wp\/v2\/users\/2"}],"replies":[{"embeddable":true,"href":"https:\/\/egalitedesterritoires.fr\/index.php\/wp-json\/wp\/v2\/comments?post=261"}],"version-history":[{"count":5,"href":"https:\/\/egalitedesterritoires.fr\/index.php\/wp-json\/wp\/v2\/posts\/261\/revisions"}],"predecessor-version":[{"id":420,"href":"https:\/\/egalitedesterritoires.fr\/index.php\/wp-json\/wp\/v2\/posts\/261\/revisions\/420"}],"wp:attachment":[{"href":"https:\/\/egalitedesterritoires.fr\/index.php\/wp-json\/wp\/v2\/media?parent=261"}],"wp:term":[{"taxonomy":"category","embeddable":true,"href":"https:\/\/egalitedesterritoires.fr\/index.php\/wp-json\/wp\/v2\/categories?post=261"},{"taxonomy":"post_tag","embeddable":true,"href":"https:\/\/egalitedesterritoires.fr\/index.php\/wp-json\/wp\/v2\/tags?post=261"}],"curies":[{"name":"wp","href":"https:\/\/api.w.org\/{rel}","templated":true}]}}