{"id":259,"date":"2019-11-28T15:59:00","date_gmt":"2019-11-28T14:59:00","guid":{"rendered":"https:\/\/egalitedesterritoires.fr\/?p=259"},"modified":"2024-11-01T10:35:15","modified_gmt":"2024-11-01T09:35:15","slug":"dedensification-interet-pour-paris","status":"publish","type":"post","link":"https:\/\/egalitedesterritoires.fr\/index.php\/2019\/11\/28\/dedensification-interet-pour-paris\/","title":{"rendered":"La d\u00e9densification : quel int\u00e9r\u00eat pour Paris ?"},"content":{"rendered":"<div id=\"bsf_rt_marker\"><\/div>\n<p>Apr\u00e8s mon premier article sur l&rsquo;int\u00e9r\u00eat de d\u00e9densifier, cet articles concerne les avantages pour Paris et les grandes agglom\u00e9rations urbaines. Oui je cible souvent l&rsquo;ancien d\u00e9partement de la Seine, mais ses habitants subissent aussi ce quotidien. Alors quel int\u00e9r\u00eat Paris y trouverait ?<\/p>\n\n\n\n<ul><li><strong>Un r\u00e9duction de la tension immobili\u00e8re<\/strong>. <a href=\"https:\/\/www.meilleursagents.com\/prix-immobilier\/\">La flamb\u00e9e des prix est visible sur les sites d&rsquo;annonces immobili\u00e8res<\/a> . <a href=\"https:\/\/www.immobilier.notaires.fr\/fr\/prix-immobilier?periodeReferences=1\">L&rsquo;historique est consultable ici<\/a>. Parfois, c&rsquo;est aussi <a href=\"https:\/\/www.lesechos.fr\/pme-regions\/ile-de-france\/la-federation-des-promoteurs-immobiliers-dile-de-france-porte-plainte-1156788\">les promoteurs eux-m\u00eames qui sont parfois victimes de sp\u00e9culations surprenantes<\/a>. Gr\u00e2ce \u00e0 une \u00e9conomie mieux r\u00e9partie, la demande serait mieux r\u00e9partie sur d&rsquo;autres territoires. L&rsquo;offre serait moins stress\u00e9e et r\u00e9duirait la flamb\u00e9e des prix.<\/li><li><strong>Une r\u00e9duction du stress sur les infrastructures<\/strong>. <a href=\"https:\/\/fr.wikipedia.org\/wiki\/Boulevard_p%C3%A9riph%C3%A9rique_de_Paris#Maintenance_et_am%C3%A9lioration_(depuis_1974)\">Le p\u00e9riph\u00e9rique \u00e9tait satur\u00e9 le jour de son ouverture il y a 40 ans<\/a>. Depuis, <a href=\"https:\/\/fr.wikipedia.org\/wiki\/Boulevard_p%C3%A9riph%C3%A9rique_de_Paris#Volume_de_trafic\">le  nombre moyen<\/a> <a href=\"https:\/\/fr.wikipedia.org\/wiki\/Boulevard_p%C3%A9riph%C3%A9rique_de_Paris#Volume_de_trafic\">de v\u00e9hicule qui circule sur le p\u00e9riph\u00e9rique parisien est plus \u00e9lev\u00e9<\/a> <a href=\"https:\/\/fr.wikipedia.org\/wiki\/Autoroute_A1_(France_m%C3%A9tropolitaine)\">que sur l&rsquo;A1 qui relie le Nord-Pas-de-Calais \u00e0 Paris<\/a>. On ne parle m\u00eame pas du r\u00e9seau de transports en commun, <a href=\"https:\/\/fr.wikipedia.org\/wiki\/R%C3%A9gie_autonome_des_transports_parisiens#Les_principaux_r%C3%A9seaux_exploit%C3%A9s_par_le_groupe_RATP\">assez \u00e9toff\u00e9<\/a>, mais fatigu\u00e9, car <a href=\"https:\/\/fr.wikipedia.org\/wiki\/R%C3%A9gie_autonome_des_transports_parisiens#Trafic\">satur\u00e9<\/a>. Une charge moins importante sur les infrastructures \u00e0 usage public r\u00e9duirait le co\u00fbt d&rsquo;exploitation, offrant une meilleure qualit\u00e9 de service.<\/li><li><strong>Une meilleure qualit\u00e9 de vie<\/strong>. Car une population moins dense peut profiter de conditions de vie plus agr\u00e9ables et moins stressantes.<\/li><\/ul>\n\n\n\n<p>Cet article concerne toutes les grandes aires urbaines : Marseille, Lyon, Lille, etc.<\/p>\n\n\n\n<p><\/p>\n","protected":false},"excerpt":{"rendered":"<p>Apr\u00e8s mon premier article sur l&rsquo;int\u00e9r\u00eat de d\u00e9densifier, cet articles concerne les avantages pour Paris et les grandes agglom\u00e9rations urbaines. Oui je cible souvent l&rsquo;ancien d\u00e9partement de la Seine, mais ses habitants subissent aussi ce quotidien. Alors quel int\u00e9r\u00eat Paris y trouverait ? Un r\u00e9duction de la tension immobili\u00e8re. La flamb\u00e9e des prix est visible &hellip; <\/p>\n<p class=\"link-more\"><a href=\"https:\/\/egalitedesterritoires.fr\/index.php\/2019\/11\/28\/dedensification-interet-pour-paris\/\" class=\"more-link\">Continuer la lecture<span class=\"screen-reader-text\"> de &laquo;&nbsp;La d\u00e9densification : quel int\u00e9r\u00eat pour Paris ?&nbsp;&raquo;<\/span><\/a><\/p>\n","protected":false},"author":2,"featured_media":0,"comment_status":"closed","ping_status":"open","sticky":false,"template":"","format":"standard","meta":{"footnotes":""},"categories":[7,8,10],"tags":[4,3,6],"yoast_head":"<!-- This site is optimized with the Yoast SEO plugin v22.6 - https:\/\/yoast.com\/wordpress\/plugins\/seo\/ -->\n<title>La d\u00e9densification : quel int\u00e9r\u00eat pour Paris ? - Egalit\u00e9 des territoires<\/title>\n<meta name=\"robots\" content=\"index, follow, max-snippet:-1, max-image-preview:large, max-video-preview:-1\" \/>\n<link rel=\"canonical\" href=\"https:\/\/egalitedesterritoires.fr\/index.php\/2019\/11\/28\/dedensification-interet-pour-paris\/\" \/>\n<meta property=\"og:locale\" content=\"fr_FR\" \/>\n<meta property=\"og:type\" content=\"article\" \/>\n<meta property=\"og:title\" content=\"La d\u00e9densification : quel int\u00e9r\u00eat pour Paris ? - Egalit\u00e9 des territoires\" \/>\n<meta property=\"og:description\" content=\"Apr\u00e8s mon premier article sur l&rsquo;int\u00e9r\u00eat de d\u00e9densifier, cet articles concerne les avantages pour Paris et les grandes agglom\u00e9rations urbaines. Oui je cible souvent l&rsquo;ancien d\u00e9partement de la Seine, mais ses habitants subissent aussi ce quotidien. Alors quel int\u00e9r\u00eat Paris y trouverait ? Un r\u00e9duction de la tension immobili\u00e8re. La flamb\u00e9e des prix est visible &hellip; Continuer la lecture de &laquo;&nbsp;La d\u00e9densification : quel int\u00e9r\u00eat pour Paris ?&nbsp;&raquo;\" \/>\n<meta property=\"og:url\" content=\"https:\/\/egalitedesterritoires.fr\/index.php\/2019\/11\/28\/dedensification-interet-pour-paris\/\" \/>\n<meta property=\"og:site_name\" content=\"Egalit\u00e9 des territoires\" \/>\n<meta property=\"article:published_time\" content=\"2019-11-28T14:59:00+00:00\" \/>\n<meta property=\"article:modified_time\" content=\"2024-11-01T09:35:15+00:00\" \/>\n<meta name=\"author\" content=\"Editeur\" \/>\n<meta name=\"twitter:card\" content=\"summary_large_image\" \/>\n<meta name=\"twitter:label1\" content=\"\u00c9crit par\" \/>\n\t<meta name=\"twitter:data1\" content=\"Editeur\" \/>\n\t<meta name=\"twitter:label2\" content=\"Dur\u00e9e de lecture estim\u00e9e\" \/>\n\t<meta name=\"twitter:data2\" content=\"1 minute\" \/>\n<script type=\"application\/ld+json\" class=\"yoast-schema-graph\">{\"@context\":\"https:\/\/schema.org\",\"@graph\":[{\"@type\":\"WebPage\",\"@id\":\"https:\/\/egalitedesterritoires.fr\/index.php\/2019\/11\/28\/dedensification-interet-pour-paris\/\",\"url\":\"https:\/\/egalitedesterritoires.fr\/index.php\/2019\/11\/28\/dedensification-interet-pour-paris\/\",\"name\":\"La d\u00e9densification : quel int\u00e9r\u00eat pour Paris ? - Egalit\u00e9 des territoires\",\"isPartOf\":{\"@id\":\"https:\/\/egalitedesterritoires.fr\/#website\"},\"datePublished\":\"2019-11-28T14:59:00+00:00\",\"dateModified\":\"2024-11-01T09:35:15+00:00\",\"author\":{\"@id\":\"https:\/\/egalitedesterritoires.fr\/#\/schema\/person\/c36fa3038a178a95f1a68d8ea0eef776\"},\"breadcrumb\":{\"@id\":\"https:\/\/egalitedesterritoires.fr\/index.php\/2019\/11\/28\/dedensification-interet-pour-paris\/#breadcrumb\"},\"inLanguage\":\"fr-FR\",\"potentialAction\":[{\"@type\":\"ReadAction\",\"target\":[\"https:\/\/egalitedesterritoires.fr\/index.php\/2019\/11\/28\/dedensification-interet-pour-paris\/\"]}]},{\"@type\":\"BreadcrumbList\",\"@id\":\"https:\/\/egalitedesterritoires.fr\/index.php\/2019\/11\/28\/dedensification-interet-pour-paris\/#breadcrumb\",\"itemListElement\":[{\"@type\":\"ListItem\",\"position\":1,\"name\":\"Accueil\",\"item\":\"https:\/\/egalitedesterritoires.fr\/\"},{\"@type\":\"ListItem\",\"position\":2,\"name\":\"La d\u00e9densification : quel int\u00e9r\u00eat pour Paris ?\"}]},{\"@type\":\"WebSite\",\"@id\":\"https:\/\/egalitedesterritoires.fr\/#website\",\"url\":\"https:\/\/egalitedesterritoires.fr\/\",\"name\":\"Egalit\u00e9 des territoires\",\"description\":\"Les fran\u00e7ais sont tous \u00e9gaux, mais pas partout en France\",\"potentialAction\":[{\"@type\":\"SearchAction\",\"target\":{\"@type\":\"EntryPoint\",\"urlTemplate\":\"https:\/\/egalitedesterritoires.fr\/?s={search_term_string}\"},\"query-input\":\"required name=search_term_string\"}],\"inLanguage\":\"fr-FR\"},{\"@type\":\"Person\",\"@id\":\"https:\/\/egalitedesterritoires.fr\/#\/schema\/person\/c36fa3038a178a95f1a68d8ea0eef776\",\"name\":\"Editeur\",\"image\":{\"@type\":\"ImageObject\",\"inLanguage\":\"fr-FR\",\"@id\":\"https:\/\/egalitedesterritoires.fr\/#\/schema\/person\/image\/\",\"url\":\"https:\/\/secure.gravatar.com\/avatar\/b110c3c1599e47518a2d0e0d47ad44f1?s=96&d=mm&r=g\",\"contentUrl\":\"https:\/\/secure.gravatar.com\/avatar\/b110c3c1599e47518a2d0e0d47ad44f1?s=96&d=mm&r=g\",\"caption\":\"Editeur\"},\"url\":\"https:\/\/egalitedesterritoires.fr\/index.php\/author\/editeur\/\"}]}<\/script>\n<!-- \/ Yoast SEO plugin. -->","yoast_head_json":{"title":"La d\u00e9densification : quel int\u00e9r\u00eat pour Paris ? - Egalit\u00e9 des territoires","robots":{"index":"index","follow":"follow","max-snippet":"max-snippet:-1","max-image-preview":"max-image-preview:large","max-video-preview":"max-video-preview:-1"},"canonical":"https:\/\/egalitedesterritoires.fr\/index.php\/2019\/11\/28\/dedensification-interet-pour-paris\/","og_locale":"fr_FR","og_type":"article","og_title":"La d\u00e9densification : quel int\u00e9r\u00eat pour Paris ? - Egalit\u00e9 des territoires","og_description":"Apr\u00e8s mon premier article sur l&rsquo;int\u00e9r\u00eat de d\u00e9densifier, cet articles concerne les avantages pour Paris et les grandes agglom\u00e9rations urbaines. Oui je cible souvent l&rsquo;ancien d\u00e9partement de la Seine, mais ses habitants subissent aussi ce quotidien. Alors quel int\u00e9r\u00eat Paris y trouverait ? Un r\u00e9duction de la tension immobili\u00e8re. La flamb\u00e9e des prix est visible &hellip; Continuer la lecture de &laquo;&nbsp;La d\u00e9densification : quel int\u00e9r\u00eat pour Paris ?&nbsp;&raquo;","og_url":"https:\/\/egalitedesterritoires.fr\/index.php\/2019\/11\/28\/dedensification-interet-pour-paris\/","og_site_name":"Egalit\u00e9 des territoires","article_published_time":"2019-11-28T14:59:00+00:00","article_modified_time":"2024-11-01T09:35:15+00:00","author":"Editeur","twitter_card":"summary_large_image","twitter_misc":{"\u00c9crit par":"Editeur","Dur\u00e9e de lecture estim\u00e9e":"1 minute"},"schema":{"@context":"https:\/\/schema.org","@graph":[{"@type":"WebPage","@id":"https:\/\/egalitedesterritoires.fr\/index.php\/2019\/11\/28\/dedensification-interet-pour-paris\/","url":"https:\/\/egalitedesterritoires.fr\/index.php\/2019\/11\/28\/dedensification-interet-pour-paris\/","name":"La d\u00e9densification : quel int\u00e9r\u00eat pour Paris ? - Egalit\u00e9 des territoires","isPartOf":{"@id":"https:\/\/egalitedesterritoires.fr\/#website"},"datePublished":"2019-11-28T14:59:00+00:00","dateModified":"2024-11-01T09:35:15+00:00","author":{"@id":"https:\/\/egalitedesterritoires.fr\/#\/schema\/person\/c36fa3038a178a95f1a68d8ea0eef776"},"breadcrumb":{"@id":"https:\/\/egalitedesterritoires.fr\/index.php\/2019\/11\/28\/dedensification-interet-pour-paris\/#breadcrumb"},"inLanguage":"fr-FR","potentialAction":[{"@type":"ReadAction","target":["https:\/\/egalitedesterritoires.fr\/index.php\/2019\/11\/28\/dedensification-interet-pour-paris\/"]}]},{"@type":"BreadcrumbList","@id":"https:\/\/egalitedesterritoires.fr\/index.php\/2019\/11\/28\/dedensification-interet-pour-paris\/#breadcrumb","itemListElement":[{"@type":"ListItem","position":1,"name":"Accueil","item":"https:\/\/egalitedesterritoires.fr\/"},{"@type":"ListItem","position":2,"name":"La d\u00e9densification : quel int\u00e9r\u00eat pour Paris ?"}]},{"@type":"WebSite","@id":"https:\/\/egalitedesterritoires.fr\/#website","url":"https:\/\/egalitedesterritoires.fr\/","name":"Egalit\u00e9 des territoires","description":"Les fran\u00e7ais sont tous \u00e9gaux, mais pas partout en France","potentialAction":[{"@type":"SearchAction","target":{"@type":"EntryPoint","urlTemplate":"https:\/\/egalitedesterritoires.fr\/?s={search_term_string}"},"query-input":"required name=search_term_string"}],"inLanguage":"fr-FR"},{"@type":"Person","@id":"https:\/\/egalitedesterritoires.fr\/#\/schema\/person\/c36fa3038a178a95f1a68d8ea0eef776","name":"Editeur","image":{"@type":"ImageObject","inLanguage":"fr-FR","@id":"https:\/\/egalitedesterritoires.fr\/#\/schema\/person\/image\/","url":"https:\/\/secure.gravatar.com\/avatar\/b110c3c1599e47518a2d0e0d47ad44f1?s=96&d=mm&r=g","contentUrl":"https:\/\/secure.gravatar.com\/avatar\/b110c3c1599e47518a2d0e0d47ad44f1?s=96&d=mm&r=g","caption":"Editeur"},"url":"https:\/\/egalitedesterritoires.fr\/index.php\/author\/editeur\/"}]}},"_links":{"self":[{"href":"https:\/\/egalitedesterritoires.fr\/index.php\/wp-json\/wp\/v2\/posts\/259"}],"collection":[{"href":"https:\/\/egalitedesterritoires.fr\/index.php\/wp-json\/wp\/v2\/posts"}],"about":[{"href":"https:\/\/egalitedesterritoires.fr\/index.php\/wp-json\/wp\/v2\/types\/post"}],"author":[{"embeddable":true,"href":"https:\/\/egalitedesterritoires.fr\/index.php\/wp-json\/wp\/v2\/users\/2"}],"replies":[{"embeddable":true,"href":"https:\/\/egalitedesterritoires.fr\/index.php\/wp-json\/wp\/v2\/comments?post=259"}],"version-history":[{"count":3,"href":"https:\/\/egalitedesterritoires.fr\/index.php\/wp-json\/wp\/v2\/posts\/259\/revisions"}],"predecessor-version":[{"id":320,"href":"https:\/\/egalitedesterritoires.fr\/index.php\/wp-json\/wp\/v2\/posts\/259\/revisions\/320"}],"wp:attachment":[{"href":"https:\/\/egalitedesterritoires.fr\/index.php\/wp-json\/wp\/v2\/media?parent=259"}],"wp:term":[{"taxonomy":"category","embeddable":true,"href":"https:\/\/egalitedesterritoires.fr\/index.php\/wp-json\/wp\/v2\/categories?post=259"},{"taxonomy":"post_tag","embeddable":true,"href":"https:\/\/egalitedesterritoires.fr\/index.php\/wp-json\/wp\/v2\/tags?post=259"}],"curies":[{"name":"wp","href":"https:\/\/api.w.org\/{rel}","templated":true}]}}