{"id":137,"date":"2019-05-05T23:01:11","date_gmt":"2019-05-05T21:01:11","guid":{"rendered":"https:\/\/egalitedesterritoires.fr\/?p=137"},"modified":"2024-11-01T10:35:32","modified_gmt":"2024-11-01T09:35:32","slug":"remettons-le-transport-ferroviaire-sur-des-rails","status":"publish","type":"post","link":"https:\/\/egalitedesterritoires.fr\/index.php\/2019\/05\/05\/remettons-le-transport-ferroviaire-sur-des-rails\/","title":{"rendered":"Remettons le transport ferroviaire sur des rails"},"content":{"rendered":"<div id=\"bsf_rt_marker\"><\/div>\n<p>Notre pr\u00e9sident a lanc\u00e9 le \u00ab\u00a0grand d\u00e9bat\u00a0\u00bb dans la commune de \u00ab\u00a0Grand-Bourgtheroulde\u00a0\u00bb. Cette commune est le r\u00e9sultat de la fusion de plusieurs communes. Petite information concernant la disponibilit\u00e9 des transports : cette commune poss\u00e8de une gare SNCF. De plus, elle est plac\u00e9e sur la ligne Rouen &#8211; Caen, symbole du lien entre les deux grandes villes de la r\u00e9gions.<\/p>\n\n\n\n<p>La premi\u00e8re fois que je suis all\u00e9 \u00e0 Paris, j&rsquo;avais 16 ans, donc pas de permis,. J&rsquo;ai pu prendre le train pour me d\u00e9placer. Un vrai confort. Aujourd&rsquo;hui, la gare est toujours active, mais rend service limit\u00e9, ce qui m&rsquo;oblige \u00e0 utiliser plus souvent ma voiture. Car, faute de rentabilit\u00e9, la SNCF ne souhaite pas exploiter plus les petites gares. Pourtant, <a href=\"https:\/\/fr.wikipedia.org\/wiki\/Histoire_des_chemins_de_fer_fran%C3%A7ais#Les_bases_du_r%C3%A9seau\">l&rsquo;histoire du chemin de fer fran\u00e7ais r\u00e9side dans ce r\u00e9seau<\/a>.<\/p>\n\n\n\n<p>Contrairement \u00e0 ce que certains pourraient penser, <a href=\"http:\/\/transport.sia-partners.com\/20170106\/evolution-de-la-dette-sncf-et-role-de-letat-dans-son-controle\">la dette de la SNCF est autant due au co\u00fbt de ces petites lignes qu&rsquo;aux grands projets nationaux<\/a>. Mais, pour la SNCF, le remboursement de cette dette est plus rapide \u00e0 court terme sur une ligne de TGV (service haut de gamme) que sur une ligne r\u00e9gionale (par d\u00e9finition simplement utilitaire). D&rsquo;autant que, parfois, <a href=\"https:\/\/france3-regions.francetvinfo.fr\/normandie\/est-il-vrai-que-gares-sncf-ferment-normandie-apres-etude-bornage-telephones-portables-1589795.html\">la m\u00e9thode de mesure pour valider la rentabilit\u00e9 de ces lignes est douteuse<\/a>.<\/p>\n\n\n\n<p>Comparons avec le \u00ab\u00a0mod\u00e8le allemand\u00a0\u00bb (mais celui que nos politiques n&rsquo;abordent jamais). Les r\u00e9gions, plus autonomes dans un gouvernement f\u00e9d\u00e9ral, <a href=\"https:\/\/positivr.fr\/train-allemagne-petites-lignes-campagne\/\">ont d\u00e9cid\u00e9 de rouvrir leurs gares<\/a>. A noter qu&rsquo;en France, la r\u00e9gion Languedoc-Roussillon (devenue Occitanie) <a href=\"https:\/\/www.humanite.fr\/trains-regionaux-en-occitanie-la-politique-ferroviaire-contre-courant-653557\">a fait un choix similaire<\/a>. Cela a plusieurs impacts :<\/p>\n\n\n\n<ol><li><strong>Une meilleure rentabilit\u00e9 de ces lignes<\/strong> ( qui ne circulent pas \u00e0 vide).<\/li><li>Moins de transports individuels, donc <strong>r\u00e9duction de la pollution<\/strong>.<\/li><li>Un r\u00e9seau routier moins sollicit\u00e9, donc <strong>moins cher \u00e0 entretenir<\/strong>.<\/li><li>Dans le cadre de l&rsquo;Allemagne, on a constat\u00e9 <strong>un d\u00e9veloppement des entreprises le long de ces lignes.<\/strong> Dans une moindre mesure, en Auvergne, j&rsquo;avais constat\u00e9 la pr\u00e9sence de PME  un peu partout le long de l\u2019autoroute A75, sans doute pour les m\u00eames raisons. Quand l&rsquo;infrastructure est fiable, les entreprises s&rsquo;appuient dessus.<\/li><\/ol>\n\n\n\n<p>Il serait temps d&rsquo;inciter le secteur du transport \u00e0 utiliser le \u00ab\u00a0<a href=\"https:\/\/fr.wikipedia.org\/wiki\/Ferroutage\">ferroutage<\/a>\u00ab\u00a0, une m\u00e9thode qui consiste \u00e0 embarquer le v\u00e9hicule sur le train. Bien s\u00fbr, en l&rsquo;\u00e9tat, ce n&rsquo;est pas toujours faisable. <a href=\"https:\/\/autotrain.oui.sncf\/dynamic\/autotrain-webapp\/homeControl.action\">Depuis la gare de Paris Bercy<\/a>, on peut d\u00e9j\u00e0 utiliser ce type de transports. Mais \u00e0 Montparnasse, ou Saint-Lazare,  c&rsquo;est plus compliqu\u00e9. Par contre, on pourrait am\u00e9nager cette solution sur des gares p\u00e9riph\u00e9riques des grandes villes, comme \u00e0 Massy (<a href=\"https:\/\/www.qwant.com\/maps\/place\/osm:node:3530841971@Massy-TGV#map=15.00\/48.7213187\/2.2551663\">qui est proche de plusieurs autoroutes<\/a>), ou construire de petites gares d\u00e9di\u00e9es. <\/p>\n","protected":false},"excerpt":{"rendered":"<p>Notre pr\u00e9sident a lanc\u00e9 le \u00ab\u00a0grand d\u00e9bat\u00a0\u00bb dans la commune de \u00ab\u00a0Grand-Bourgtheroulde\u00a0\u00bb. Cette commune est le r\u00e9sultat de la fusion de plusieurs communes. Petite information concernant la disponibilit\u00e9 des transports : cette commune poss\u00e8de une gare SNCF. De plus, elle est plac\u00e9e sur la ligne Rouen &#8211; Caen, symbole du lien entre les deux grandes &hellip; <\/p>\n<p class=\"link-more\"><a href=\"https:\/\/egalitedesterritoires.fr\/index.php\/2019\/05\/05\/remettons-le-transport-ferroviaire-sur-des-rails\/\" class=\"more-link\">Continuer la lecture<span class=\"screen-reader-text\"> de &laquo;&nbsp;Remettons le transport ferroviaire sur des rails&nbsp;&raquo;<\/span><\/a><\/p>\n","protected":false},"author":2,"featured_media":0,"comment_status":"closed","ping_status":"open","sticky":false,"template":"","format":"standard","meta":{"footnotes":""},"categories":[8,10,12],"tags":[3,6,13],"yoast_head":"<!-- This site is optimized with the Yoast SEO plugin v22.6 - https:\/\/yoast.com\/wordpress\/plugins\/seo\/ -->\n<title>Remettons le transport ferroviaire sur des rails - Egalit\u00e9 des territoires<\/title>\n<meta name=\"robots\" content=\"index, follow, max-snippet:-1, max-image-preview:large, max-video-preview:-1\" \/>\n<link rel=\"canonical\" href=\"https:\/\/egalitedesterritoires.fr\/index.php\/2019\/05\/05\/remettons-le-transport-ferroviaire-sur-des-rails\/\" \/>\n<meta property=\"og:locale\" content=\"fr_FR\" \/>\n<meta property=\"og:type\" content=\"article\" \/>\n<meta property=\"og:title\" content=\"Remettons le transport ferroviaire sur des rails - Egalit\u00e9 des territoires\" \/>\n<meta property=\"og:description\" content=\"Notre pr\u00e9sident a lanc\u00e9 le \u00ab\u00a0grand d\u00e9bat\u00a0\u00bb dans la commune de \u00ab\u00a0Grand-Bourgtheroulde\u00a0\u00bb. Cette commune est le r\u00e9sultat de la fusion de plusieurs communes. Petite information concernant la disponibilit\u00e9 des transports : cette commune poss\u00e8de une gare SNCF. De plus, elle est plac\u00e9e sur la ligne Rouen &#8211; Caen, symbole du lien entre les deux grandes &hellip; Continuer la lecture de &laquo;&nbsp;Remettons le transport ferroviaire sur des rails&nbsp;&raquo;\" \/>\n<meta property=\"og:url\" content=\"https:\/\/egalitedesterritoires.fr\/index.php\/2019\/05\/05\/remettons-le-transport-ferroviaire-sur-des-rails\/\" \/>\n<meta property=\"og:site_name\" content=\"Egalit\u00e9 des territoires\" \/>\n<meta property=\"article:published_time\" content=\"2019-05-05T21:01:11+00:00\" \/>\n<meta property=\"article:modified_time\" content=\"2024-11-01T09:35:32+00:00\" \/>\n<meta name=\"author\" content=\"Editeur\" \/>\n<meta name=\"twitter:card\" content=\"summary_large_image\" \/>\n<meta name=\"twitter:label1\" content=\"\u00c9crit par\" \/>\n\t<meta name=\"twitter:data1\" content=\"Editeur\" \/>\n\t<meta name=\"twitter:label2\" content=\"Dur\u00e9e de lecture estim\u00e9e\" \/>\n\t<meta name=\"twitter:data2\" content=\"2 minutes\" \/>\n<script type=\"application\/ld+json\" class=\"yoast-schema-graph\">{\"@context\":\"https:\/\/schema.org\",\"@graph\":[{\"@type\":\"WebPage\",\"@id\":\"https:\/\/egalitedesterritoires.fr\/index.php\/2019\/05\/05\/remettons-le-transport-ferroviaire-sur-des-rails\/\",\"url\":\"https:\/\/egalitedesterritoires.fr\/index.php\/2019\/05\/05\/remettons-le-transport-ferroviaire-sur-des-rails\/\",\"name\":\"Remettons le transport ferroviaire sur des rails - Egalit\u00e9 des territoires\",\"isPartOf\":{\"@id\":\"https:\/\/egalitedesterritoires.fr\/#website\"},\"datePublished\":\"2019-05-05T21:01:11+00:00\",\"dateModified\":\"2024-11-01T09:35:32+00:00\",\"author\":{\"@id\":\"https:\/\/egalitedesterritoires.fr\/#\/schema\/person\/c36fa3038a178a95f1a68d8ea0eef776\"},\"breadcrumb\":{\"@id\":\"https:\/\/egalitedesterritoires.fr\/index.php\/2019\/05\/05\/remettons-le-transport-ferroviaire-sur-des-rails\/#breadcrumb\"},\"inLanguage\":\"fr-FR\",\"potentialAction\":[{\"@type\":\"ReadAction\",\"target\":[\"https:\/\/egalitedesterritoires.fr\/index.php\/2019\/05\/05\/remettons-le-transport-ferroviaire-sur-des-rails\/\"]}]},{\"@type\":\"BreadcrumbList\",\"@id\":\"https:\/\/egalitedesterritoires.fr\/index.php\/2019\/05\/05\/remettons-le-transport-ferroviaire-sur-des-rails\/#breadcrumb\",\"itemListElement\":[{\"@type\":\"ListItem\",\"position\":1,\"name\":\"Accueil\",\"item\":\"https:\/\/egalitedesterritoires.fr\/\"},{\"@type\":\"ListItem\",\"position\":2,\"name\":\"Remettons le transport ferroviaire sur des rails\"}]},{\"@type\":\"WebSite\",\"@id\":\"https:\/\/egalitedesterritoires.fr\/#website\",\"url\":\"https:\/\/egalitedesterritoires.fr\/\",\"name\":\"Egalit\u00e9 des territoires\",\"description\":\"Les fran\u00e7ais sont tous \u00e9gaux, mais pas partout en France\",\"potentialAction\":[{\"@type\":\"SearchAction\",\"target\":{\"@type\":\"EntryPoint\",\"urlTemplate\":\"https:\/\/egalitedesterritoires.fr\/?s={search_term_string}\"},\"query-input\":\"required name=search_term_string\"}],\"inLanguage\":\"fr-FR\"},{\"@type\":\"Person\",\"@id\":\"https:\/\/egalitedesterritoires.fr\/#\/schema\/person\/c36fa3038a178a95f1a68d8ea0eef776\",\"name\":\"Editeur\",\"image\":{\"@type\":\"ImageObject\",\"inLanguage\":\"fr-FR\",\"@id\":\"https:\/\/egalitedesterritoires.fr\/#\/schema\/person\/image\/\",\"url\":\"https:\/\/secure.gravatar.com\/avatar\/b110c3c1599e47518a2d0e0d47ad44f1?s=96&d=mm&r=g\",\"contentUrl\":\"https:\/\/secure.gravatar.com\/avatar\/b110c3c1599e47518a2d0e0d47ad44f1?s=96&d=mm&r=g\",\"caption\":\"Editeur\"},\"url\":\"https:\/\/egalitedesterritoires.fr\/index.php\/author\/editeur\/\"}]}<\/script>\n<!-- \/ Yoast SEO plugin. -->","yoast_head_json":{"title":"Remettons le transport ferroviaire sur des rails - Egalit\u00e9 des territoires","robots":{"index":"index","follow":"follow","max-snippet":"max-snippet:-1","max-image-preview":"max-image-preview:large","max-video-preview":"max-video-preview:-1"},"canonical":"https:\/\/egalitedesterritoires.fr\/index.php\/2019\/05\/05\/remettons-le-transport-ferroviaire-sur-des-rails\/","og_locale":"fr_FR","og_type":"article","og_title":"Remettons le transport ferroviaire sur des rails - Egalit\u00e9 des territoires","og_description":"Notre pr\u00e9sident a lanc\u00e9 le \u00ab\u00a0grand d\u00e9bat\u00a0\u00bb dans la commune de \u00ab\u00a0Grand-Bourgtheroulde\u00a0\u00bb. Cette commune est le r\u00e9sultat de la fusion de plusieurs communes. Petite information concernant la disponibilit\u00e9 des transports : cette commune poss\u00e8de une gare SNCF. De plus, elle est plac\u00e9e sur la ligne Rouen &#8211; Caen, symbole du lien entre les deux grandes &hellip; Continuer la lecture de &laquo;&nbsp;Remettons le transport ferroviaire sur des rails&nbsp;&raquo;","og_url":"https:\/\/egalitedesterritoires.fr\/index.php\/2019\/05\/05\/remettons-le-transport-ferroviaire-sur-des-rails\/","og_site_name":"Egalit\u00e9 des territoires","article_published_time":"2019-05-05T21:01:11+00:00","article_modified_time":"2024-11-01T09:35:32+00:00","author":"Editeur","twitter_card":"summary_large_image","twitter_misc":{"\u00c9crit par":"Editeur","Dur\u00e9e de lecture estim\u00e9e":"2 minutes"},"schema":{"@context":"https:\/\/schema.org","@graph":[{"@type":"WebPage","@id":"https:\/\/egalitedesterritoires.fr\/index.php\/2019\/05\/05\/remettons-le-transport-ferroviaire-sur-des-rails\/","url":"https:\/\/egalitedesterritoires.fr\/index.php\/2019\/05\/05\/remettons-le-transport-ferroviaire-sur-des-rails\/","name":"Remettons le transport ferroviaire sur des rails - Egalit\u00e9 des territoires","isPartOf":{"@id":"https:\/\/egalitedesterritoires.fr\/#website"},"datePublished":"2019-05-05T21:01:11+00:00","dateModified":"2024-11-01T09:35:32+00:00","author":{"@id":"https:\/\/egalitedesterritoires.fr\/#\/schema\/person\/c36fa3038a178a95f1a68d8ea0eef776"},"breadcrumb":{"@id":"https:\/\/egalitedesterritoires.fr\/index.php\/2019\/05\/05\/remettons-le-transport-ferroviaire-sur-des-rails\/#breadcrumb"},"inLanguage":"fr-FR","potentialAction":[{"@type":"ReadAction","target":["https:\/\/egalitedesterritoires.fr\/index.php\/2019\/05\/05\/remettons-le-transport-ferroviaire-sur-des-rails\/"]}]},{"@type":"BreadcrumbList","@id":"https:\/\/egalitedesterritoires.fr\/index.php\/2019\/05\/05\/remettons-le-transport-ferroviaire-sur-des-rails\/#breadcrumb","itemListElement":[{"@type":"ListItem","position":1,"name":"Accueil","item":"https:\/\/egalitedesterritoires.fr\/"},{"@type":"ListItem","position":2,"name":"Remettons le transport ferroviaire sur des rails"}]},{"@type":"WebSite","@id":"https:\/\/egalitedesterritoires.fr\/#website","url":"https:\/\/egalitedesterritoires.fr\/","name":"Egalit\u00e9 des territoires","description":"Les fran\u00e7ais sont tous \u00e9gaux, mais pas partout en France","potentialAction":[{"@type":"SearchAction","target":{"@type":"EntryPoint","urlTemplate":"https:\/\/egalitedesterritoires.fr\/?s={search_term_string}"},"query-input":"required name=search_term_string"}],"inLanguage":"fr-FR"},{"@type":"Person","@id":"https:\/\/egalitedesterritoires.fr\/#\/schema\/person\/c36fa3038a178a95f1a68d8ea0eef776","name":"Editeur","image":{"@type":"ImageObject","inLanguage":"fr-FR","@id":"https:\/\/egalitedesterritoires.fr\/#\/schema\/person\/image\/","url":"https:\/\/secure.gravatar.com\/avatar\/b110c3c1599e47518a2d0e0d47ad44f1?s=96&d=mm&r=g","contentUrl":"https:\/\/secure.gravatar.com\/avatar\/b110c3c1599e47518a2d0e0d47ad44f1?s=96&d=mm&r=g","caption":"Editeur"},"url":"https:\/\/egalitedesterritoires.fr\/index.php\/author\/editeur\/"}]}},"_links":{"self":[{"href":"https:\/\/egalitedesterritoires.fr\/index.php\/wp-json\/wp\/v2\/posts\/137"}],"collection":[{"href":"https:\/\/egalitedesterritoires.fr\/index.php\/wp-json\/wp\/v2\/posts"}],"about":[{"href":"https:\/\/egalitedesterritoires.fr\/index.php\/wp-json\/wp\/v2\/types\/post"}],"author":[{"embeddable":true,"href":"https:\/\/egalitedesterritoires.fr\/index.php\/wp-json\/wp\/v2\/users\/2"}],"replies":[{"embeddable":true,"href":"https:\/\/egalitedesterritoires.fr\/index.php\/wp-json\/wp\/v2\/comments?post=137"}],"version-history":[{"count":5,"href":"https:\/\/egalitedesterritoires.fr\/index.php\/wp-json\/wp\/v2\/posts\/137\/revisions"}],"predecessor-version":[{"id":205,"href":"https:\/\/egalitedesterritoires.fr\/index.php\/wp-json\/wp\/v2\/posts\/137\/revisions\/205"}],"wp:attachment":[{"href":"https:\/\/egalitedesterritoires.fr\/index.php\/wp-json\/wp\/v2\/media?parent=137"}],"wp:term":[{"taxonomy":"category","embeddable":true,"href":"https:\/\/egalitedesterritoires.fr\/index.php\/wp-json\/wp\/v2\/categories?post=137"},{"taxonomy":"post_tag","embeddable":true,"href":"https:\/\/egalitedesterritoires.fr\/index.php\/wp-json\/wp\/v2\/tags?post=137"}],"curies":[{"name":"wp","href":"https:\/\/api.w.org\/{rel}","templated":true}]}}