{"id":133,"date":"2019-05-01T22:55:05","date_gmt":"2019-05-01T20:55:05","guid":{"rendered":"https:\/\/egalitedesterritoires.fr\/?p=133"},"modified":"2024-11-01T10:35:32","modified_gmt":"2024-11-01T09:35:32","slug":"france-telecom-doit-renaitre","status":"publish","type":"post","link":"https:\/\/egalitedesterritoires.fr\/index.php\/2019\/05\/01\/france-telecom-doit-renaitre\/","title":{"rendered":"France T\u00e9l\u00e9com doit renaitre"},"content":{"rendered":"<div id=\"bsf_rt_marker\"><\/div>\n<p>Autant calmer les esprits, derri\u00e8re ce titre assez radical, je ne souhaite pas un retour \u00e0 un monopole national ou une entreprise d&rsquo;\u00e9tat.<\/p>\n\n\n\n<p>Un peu d&rsquo;histoire : Avant 1980, chaque nouveau client devait payer le c\u00e2blage depuis le point le plus proche de chez lui (parfois plusieurs kilom\u00e8tres). Ensuite, ses voisins n&rsquo;avaient plus qu&rsquo;\u00e0 se faire raccorder sur les quelques dizaines de m\u00e8tres restants. Alors que la t\u00e9l\u00e9phonie fixe \u00e9tait peu r\u00e9pandue, le gouvernement de l&rsquo;\u00e9poque lance un plan de d\u00e9ploiement impliquant France T\u00e9l\u00e9com, qui \u00e9tait une entreprise de service public. Le d\u00e9ploiement du cuivre sur tout le territoire a permis aux fran\u00e7ais de pouvoir communiquer par t\u00e9l\u00e9phone. Puis, au d\u00e9but des ann\u00e9es 2000, l&rsquo;infrastructure d\u00e9j\u00e0 en place a permis un d\u00e9ploiement massif d&rsquo;Internet, via l&rsquo;ADSL. A ce titre, <a href=\"https:\/\/www.echosdunet.net\/breve\/90695-gestion-du-cuivre-par-orange-conteste\">France T\u00e9l\u00e9com a gard\u00e9 un r\u00f4le de concessionnaire<\/a>, afin d&rsquo;entretenir le r\u00e9seau utilis\u00e9 par la concurrence.<\/p>\n\n\n\n<p>Dans le cadre de l&rsquo;ouverture \u00e0 la concurrence, d&rsquo;autres secteurs comme le gaz (Engie \/ GRDF), l&rsquo;\u00e9lectricit\u00e9 (EDF \/ Enedis) ou les transports (SNCF R\u00e9seaux \/ SNCF Mobilit\u00e9) ont s\u00e9par\u00e9 l&rsquo;infrastructure et la vente de service. Ce n&rsquo;est pas le cas dans le domaine des t\u00e9l\u00e9coms. Aujourd&rsquo;hui, \u00e0 part le r\u00e9seau cuivr\u00e9 utilis\u00e9 par l&rsquo;ADSL, chaque op\u00e9rateur d\u00e9ploie son r\u00e9seau en concurrence des autres, ce qui pose deux probl\u00e8mes (dus \u00e0 la recherche de rentabilit\u00e9) :<\/p>\n\n\n\n<ol><li>Dans les zones bien desservies, on a plusieurs r\u00e9seaux concurrents d\u00e9ploy\u00e9s. Ce sont les clients qui ont pay\u00e9 le d\u00e9ploiement parall\u00e8le de ces r\u00e9seaux (n&rsquo;oublions pas que l&rsquo;op\u00e9rateur d\u00e9ploie si les clients sont pr\u00e9sents).<\/li><li>Dans les zones moins rentables (en gros les zones rurales, ou les op\u00e9rateurs doivent investir plus pour couvrir de grandes zones avec moins de clients), c&rsquo;est l&rsquo;inverse qui se passe. Le service n&rsquo;est fourni que bien plus tard, voire pas du tout.<\/li><\/ol>\n\n\n\n<p>Exemple personnel : Je suis client Bouygues pour mon mobile depuis 2015, apr\u00e8s 16 ans chez Orange. La raison de ce changement n&rsquo;est pas financi\u00e8re. C&rsquo;est juste qu&rsquo;Orange a \u00ab\u00a0arr\u00eat\u00e9\u00a0\u00bb de couvrir ma zone. Travaillant pour un de leurs fournisseurs, j&rsquo;avais pu obtenir une carte de couverture. Le r\u00e9sultat ? Des \u00ab\u00a0trous\u00a0\u00bb sur une zone de 10 Km2. L&rsquo;objectif d&rsquo;investissement ? Aucun, car \u00ab\u00a0zone non rentable\u00a0\u00bb (je cite la conclusion de l&rsquo;\u00e9tude de couverture). Je suis donc parti voir ailleurs. Il est \u00e9vident que, dans une grande ville, je ne me serais jamais pos\u00e9 ce type de question.<\/p>\n\n\n\n<p>De plus, dans certains cas <a href=\"https:\/\/www.journaldunet.com\/ebusiness\/telecoms-fai\/1206708-3g-4g-dans-le-metro-parisien-les-raisons-d-un-fiasco\/\">comme dans le m\u00e9tro de Paris<\/a>, ce sont des \u00ab\u00a0<a href=\"https:\/\/www.lesechos.fr\/2010\/12\/la-ratp-envisage-de-deployer-linternet-mobile-toute-seule-436467\">co\u00fbts cach\u00e9s<\/a>\u00a0\u00bb qui freinent le d\u00e9ploiement. Il faut savoir que <a href=\"https:\/\/www.macg.co\/ailleurs\/2015\/07\/le-reseau-numericable-de-paris-menace-de-coupure-par-la-ville-89818\">les acteurs publics doivent parfois louer l&rsquo;espace qui h\u00e9berge leurs infrastructures<\/a>. Pourtant, <a href=\"https:\/\/europa.eu\/youreurope\/citizens\/consumers\/internet-telecoms\/internet-access\/index_fr.htm\">l&rsquo;union europ\u00e9enne garantit qu&rsquo;on doit pouvoir disposer d&rsquo;Internet partout<\/a>.<\/p>\n\n\n\n<p>Cette situation est valable tant pour le d\u00e9ploiement de la fibre que des r\u00e9seaux mobiles. Le vrai probl\u00e8me n&rsquo;est pas la privatisation de l&rsquo;entreprise, mais la bascule d&rsquo;une entreprise de service public vers une entreprise financi\u00e8rement rentable.<\/p>\n\n\n\n<h2 class=\"wp-block-heading\">Alors, pourquoi faire renaitre France T\u00e9l\u00e9com ?<\/h2>\n\n\n\n<ul><li><strong>Il s&rsquo;agirait d&rsquo;un consortium d&rsquo;op\u00e9rateurs sous le contr\u00f4le d&rsquo;un acteur public<\/strong> (comme l&rsquo;ARCEP). Le but serait de coordonner le d\u00e9ploiement des infrastructures, et de mutualiser les ressources.<\/li><li>Cela permettrait <strong>d&rsquo;\u00e9viter les d\u00e9ploiements parall\u00e8les de r\u00e9seaux<\/strong> comme on le voit aujourd&rsquo;hui (du genre \u00ab\u00a0Mon immeuble est fibr\u00e9 Orange. Je suis chez Bouygues Je dois attendre ou changer d&rsquo;op\u00e9rateur\u00a0\u00bb). Maintenant, la plupart des op\u00e9rateurs signent des conventions mutuelles de raccordement.<\/li><li>Cela permettrait aux op\u00e9rateurs de <strong>profiter d&rsquo;un plus grand panel de technologies<\/strong>. On a fibr\u00e9 en masse dans des zones o\u00f9 le FTTLA pouvait d\u00e9j\u00e0 fournir du tr\u00e8s haut d\u00e9bit. En 2006, on profitait de 30 Mbps descendant et 5 Mbps montants. Ce n&rsquo;est pas la fibre, mais c&rsquo;est \u00e9quivalent \u00e0 un VDSL2. Ce r\u00e9seau \u00e9tait d\u00e9ploy\u00e9 dans des villes de toute taille, de 10 000 \u00e0 500 000 habitants. Bouygues s&rsquo;appuyait sur cette infrastructure pour fournir du service dans des immeubles non fibr\u00e9s. Cet accord a \u00e9t\u00e9 rompu lors du rachat de Numericable par SFR, ce qui a oblig\u00e9 Bouygues \u00e0 d\u00e9ployer son propre r\u00e9seau.<\/li><li>L&rsquo;\u00e9conomie d&rsquo;investissement faite dans les zones denses (et rentables) permettrait de <strong>d\u00e9placer ces investissements vers les zones \u00ab\u00a0moyennement denses\u00a0\u00bb et rurales<\/strong>.<\/li><li>Une organisation des d\u00e9ploiements en plus gros volume <strong>r\u00e9duirait les co\u00fbts<\/strong>.<\/li><li>La fourniture des infrastructures par un consortium commun permet aussi <strong>d&rsquo;am\u00e9liorer la concurrence<\/strong>. En effet, la diff\u00e9rence se ferait au niveau des prestations rendues, plus selon un choix \u00ab\u00a0par d\u00e9faut\u00a0\u00bb (voir mon exemple personnel cit\u00e9 plus haut).<\/li><li>On pourrait <strong>coordonner le d\u00e9ploiement du r\u00e9seau en outremer de la m\u00eame mani\u00e8re qu&rsquo;en m\u00e9tropole<\/strong>.<\/li><\/ul>\n\n\n\n<p>Si faciliter la concurrence passe par la s\u00e9paration infrastructure \/ vente de services, ce mouvement est n\u00e9cessaire dans le t\u00e9l\u00e9coms. D&rsquo;autant plus que les enjeux \u00e9conomiques existent. La migration vers l&rsquo;omnicanal (j&rsquo;ach\u00e8te sur Internet, je me fais livrer en magasin ou chez moi), la num\u00e9risation des services publics, imposent un acc\u00e8s internet efficace partout en France. Les entreprises, comme les particuliers, en ont besoin.<\/p>\n\n\n\n<p><em>Edit 16\/12\/2019<\/em> : <a href=\"https:\/\/www.lesechos.fr\/tech-medias\/hightech\/le-gouvernement-va-lancer-la-french-tech-de-la-fibre-optique-1155576\">le gouvernement s&rsquo;appr\u00eaterait \u00e0 soutenir une initiative du genre pour le d\u00e9ploiement de la fibre optique<\/a>. Une r\u00e9ponse <a href=\"https:\/\/www.usine-digitale.fr\/article\/sfr-s-empare-de-covage-pour-accelerer-sur-la-fibre-optique.N907094\">au rachat de Covage par SFR<\/a> ?<\/p>\n","protected":false},"excerpt":{"rendered":"<p>Autant calmer les esprits, derri\u00e8re ce titre assez radical, je ne souhaite pas un retour \u00e0 un monopole national ou une entreprise d&rsquo;\u00e9tat. Un peu d&rsquo;histoire : Avant 1980, chaque nouveau client devait payer le c\u00e2blage depuis le point le plus proche de chez lui (parfois plusieurs kilom\u00e8tres). Ensuite, ses voisins n&rsquo;avaient plus qu&rsquo;\u00e0 se &hellip; <\/p>\n<p class=\"link-more\"><a href=\"https:\/\/egalitedesterritoires.fr\/index.php\/2019\/05\/01\/france-telecom-doit-renaitre\/\" class=\"more-link\">Continuer la lecture<span class=\"screen-reader-text\"> de &laquo;&nbsp;France T\u00e9l\u00e9com doit renaitre&nbsp;&raquo;<\/span><\/a><\/p>\n","protected":false},"author":2,"featured_media":0,"comment_status":"closed","ping_status":"open","sticky":false,"template":"","format":"standard","meta":{"footnotes":""},"categories":[8,10,12],"tags":[3,6,13],"yoast_head":"<!-- This site is optimized with the Yoast SEO plugin v22.6 - https:\/\/yoast.com\/wordpress\/plugins\/seo\/ -->\n<title>France T\u00e9l\u00e9com doit renaitre - Egalit\u00e9 des territoires<\/title>\n<meta name=\"robots\" content=\"index, follow, max-snippet:-1, max-image-preview:large, max-video-preview:-1\" \/>\n<link rel=\"canonical\" href=\"https:\/\/egalitedesterritoires.fr\/index.php\/2019\/05\/01\/france-telecom-doit-renaitre\/\" \/>\n<meta property=\"og:locale\" content=\"fr_FR\" \/>\n<meta property=\"og:type\" content=\"article\" \/>\n<meta property=\"og:title\" content=\"France T\u00e9l\u00e9com doit renaitre - Egalit\u00e9 des territoires\" \/>\n<meta property=\"og:description\" content=\"Autant calmer les esprits, derri\u00e8re ce titre assez radical, je ne souhaite pas un retour \u00e0 un monopole national ou une entreprise d&rsquo;\u00e9tat. Un peu d&rsquo;histoire : Avant 1980, chaque nouveau client devait payer le c\u00e2blage depuis le point le plus proche de chez lui (parfois plusieurs kilom\u00e8tres). Ensuite, ses voisins n&rsquo;avaient plus qu&rsquo;\u00e0 se &hellip; Continuer la lecture de &laquo;&nbsp;France T\u00e9l\u00e9com doit renaitre&nbsp;&raquo;\" \/>\n<meta property=\"og:url\" content=\"https:\/\/egalitedesterritoires.fr\/index.php\/2019\/05\/01\/france-telecom-doit-renaitre\/\" \/>\n<meta property=\"og:site_name\" content=\"Egalit\u00e9 des territoires\" \/>\n<meta property=\"article:published_time\" content=\"2019-05-01T20:55:05+00:00\" \/>\n<meta property=\"article:modified_time\" content=\"2024-11-01T09:35:32+00:00\" \/>\n<meta name=\"author\" content=\"Editeur\" \/>\n<meta name=\"twitter:card\" content=\"summary_large_image\" \/>\n<meta name=\"twitter:label1\" content=\"\u00c9crit par\" \/>\n\t<meta name=\"twitter:data1\" content=\"Editeur\" \/>\n\t<meta name=\"twitter:label2\" content=\"Dur\u00e9e de lecture estim\u00e9e\" \/>\n\t<meta name=\"twitter:data2\" content=\"5 minutes\" \/>\n<script type=\"application\/ld+json\" class=\"yoast-schema-graph\">{\"@context\":\"https:\/\/schema.org\",\"@graph\":[{\"@type\":\"WebPage\",\"@id\":\"https:\/\/egalitedesterritoires.fr\/index.php\/2019\/05\/01\/france-telecom-doit-renaitre\/\",\"url\":\"https:\/\/egalitedesterritoires.fr\/index.php\/2019\/05\/01\/france-telecom-doit-renaitre\/\",\"name\":\"France T\u00e9l\u00e9com doit renaitre - Egalit\u00e9 des territoires\",\"isPartOf\":{\"@id\":\"https:\/\/egalitedesterritoires.fr\/#website\"},\"datePublished\":\"2019-05-01T20:55:05+00:00\",\"dateModified\":\"2024-11-01T09:35:32+00:00\",\"author\":{\"@id\":\"https:\/\/egalitedesterritoires.fr\/#\/schema\/person\/c36fa3038a178a95f1a68d8ea0eef776\"},\"breadcrumb\":{\"@id\":\"https:\/\/egalitedesterritoires.fr\/index.php\/2019\/05\/01\/france-telecom-doit-renaitre\/#breadcrumb\"},\"inLanguage\":\"fr-FR\",\"potentialAction\":[{\"@type\":\"ReadAction\",\"target\":[\"https:\/\/egalitedesterritoires.fr\/index.php\/2019\/05\/01\/france-telecom-doit-renaitre\/\"]}]},{\"@type\":\"BreadcrumbList\",\"@id\":\"https:\/\/egalitedesterritoires.fr\/index.php\/2019\/05\/01\/france-telecom-doit-renaitre\/#breadcrumb\",\"itemListElement\":[{\"@type\":\"ListItem\",\"position\":1,\"name\":\"Accueil\",\"item\":\"https:\/\/egalitedesterritoires.fr\/\"},{\"@type\":\"ListItem\",\"position\":2,\"name\":\"France T\u00e9l\u00e9com doit renaitre\"}]},{\"@type\":\"WebSite\",\"@id\":\"https:\/\/egalitedesterritoires.fr\/#website\",\"url\":\"https:\/\/egalitedesterritoires.fr\/\",\"name\":\"Egalit\u00e9 des territoires\",\"description\":\"Les fran\u00e7ais sont tous \u00e9gaux, mais pas partout en France\",\"potentialAction\":[{\"@type\":\"SearchAction\",\"target\":{\"@type\":\"EntryPoint\",\"urlTemplate\":\"https:\/\/egalitedesterritoires.fr\/?s={search_term_string}\"},\"query-input\":\"required name=search_term_string\"}],\"inLanguage\":\"fr-FR\"},{\"@type\":\"Person\",\"@id\":\"https:\/\/egalitedesterritoires.fr\/#\/schema\/person\/c36fa3038a178a95f1a68d8ea0eef776\",\"name\":\"Editeur\",\"image\":{\"@type\":\"ImageObject\",\"inLanguage\":\"fr-FR\",\"@id\":\"https:\/\/egalitedesterritoires.fr\/#\/schema\/person\/image\/\",\"url\":\"https:\/\/secure.gravatar.com\/avatar\/b110c3c1599e47518a2d0e0d47ad44f1?s=96&d=mm&r=g\",\"contentUrl\":\"https:\/\/secure.gravatar.com\/avatar\/b110c3c1599e47518a2d0e0d47ad44f1?s=96&d=mm&r=g\",\"caption\":\"Editeur\"},\"url\":\"https:\/\/egalitedesterritoires.fr\/index.php\/author\/editeur\/\"}]}<\/script>\n<!-- \/ Yoast SEO plugin. -->","yoast_head_json":{"title":"France T\u00e9l\u00e9com doit renaitre - Egalit\u00e9 des territoires","robots":{"index":"index","follow":"follow","max-snippet":"max-snippet:-1","max-image-preview":"max-image-preview:large","max-video-preview":"max-video-preview:-1"},"canonical":"https:\/\/egalitedesterritoires.fr\/index.php\/2019\/05\/01\/france-telecom-doit-renaitre\/","og_locale":"fr_FR","og_type":"article","og_title":"France T\u00e9l\u00e9com doit renaitre - Egalit\u00e9 des territoires","og_description":"Autant calmer les esprits, derri\u00e8re ce titre assez radical, je ne souhaite pas un retour \u00e0 un monopole national ou une entreprise d&rsquo;\u00e9tat. Un peu d&rsquo;histoire : Avant 1980, chaque nouveau client devait payer le c\u00e2blage depuis le point le plus proche de chez lui (parfois plusieurs kilom\u00e8tres). Ensuite, ses voisins n&rsquo;avaient plus qu&rsquo;\u00e0 se &hellip; Continuer la lecture de &laquo;&nbsp;France T\u00e9l\u00e9com doit renaitre&nbsp;&raquo;","og_url":"https:\/\/egalitedesterritoires.fr\/index.php\/2019\/05\/01\/france-telecom-doit-renaitre\/","og_site_name":"Egalit\u00e9 des territoires","article_published_time":"2019-05-01T20:55:05+00:00","article_modified_time":"2024-11-01T09:35:32+00:00","author":"Editeur","twitter_card":"summary_large_image","twitter_misc":{"\u00c9crit par":"Editeur","Dur\u00e9e de lecture estim\u00e9e":"5 minutes"},"schema":{"@context":"https:\/\/schema.org","@graph":[{"@type":"WebPage","@id":"https:\/\/egalitedesterritoires.fr\/index.php\/2019\/05\/01\/france-telecom-doit-renaitre\/","url":"https:\/\/egalitedesterritoires.fr\/index.php\/2019\/05\/01\/france-telecom-doit-renaitre\/","name":"France T\u00e9l\u00e9com doit renaitre - Egalit\u00e9 des territoires","isPartOf":{"@id":"https:\/\/egalitedesterritoires.fr\/#website"},"datePublished":"2019-05-01T20:55:05+00:00","dateModified":"2024-11-01T09:35:32+00:00","author":{"@id":"https:\/\/egalitedesterritoires.fr\/#\/schema\/person\/c36fa3038a178a95f1a68d8ea0eef776"},"breadcrumb":{"@id":"https:\/\/egalitedesterritoires.fr\/index.php\/2019\/05\/01\/france-telecom-doit-renaitre\/#breadcrumb"},"inLanguage":"fr-FR","potentialAction":[{"@type":"ReadAction","target":["https:\/\/egalitedesterritoires.fr\/index.php\/2019\/05\/01\/france-telecom-doit-renaitre\/"]}]},{"@type":"BreadcrumbList","@id":"https:\/\/egalitedesterritoires.fr\/index.php\/2019\/05\/01\/france-telecom-doit-renaitre\/#breadcrumb","itemListElement":[{"@type":"ListItem","position":1,"name":"Accueil","item":"https:\/\/egalitedesterritoires.fr\/"},{"@type":"ListItem","position":2,"name":"France T\u00e9l\u00e9com doit renaitre"}]},{"@type":"WebSite","@id":"https:\/\/egalitedesterritoires.fr\/#website","url":"https:\/\/egalitedesterritoires.fr\/","name":"Egalit\u00e9 des territoires","description":"Les fran\u00e7ais sont tous \u00e9gaux, mais pas partout en France","potentialAction":[{"@type":"SearchAction","target":{"@type":"EntryPoint","urlTemplate":"https:\/\/egalitedesterritoires.fr\/?s={search_term_string}"},"query-input":"required name=search_term_string"}],"inLanguage":"fr-FR"},{"@type":"Person","@id":"https:\/\/egalitedesterritoires.fr\/#\/schema\/person\/c36fa3038a178a95f1a68d8ea0eef776","name":"Editeur","image":{"@type":"ImageObject","inLanguage":"fr-FR","@id":"https:\/\/egalitedesterritoires.fr\/#\/schema\/person\/image\/","url":"https:\/\/secure.gravatar.com\/avatar\/b110c3c1599e47518a2d0e0d47ad44f1?s=96&d=mm&r=g","contentUrl":"https:\/\/secure.gravatar.com\/avatar\/b110c3c1599e47518a2d0e0d47ad44f1?s=96&d=mm&r=g","caption":"Editeur"},"url":"https:\/\/egalitedesterritoires.fr\/index.php\/author\/editeur\/"}]}},"_links":{"self":[{"href":"https:\/\/egalitedesterritoires.fr\/index.php\/wp-json\/wp\/v2\/posts\/133"}],"collection":[{"href":"https:\/\/egalitedesterritoires.fr\/index.php\/wp-json\/wp\/v2\/posts"}],"about":[{"href":"https:\/\/egalitedesterritoires.fr\/index.php\/wp-json\/wp\/v2\/types\/post"}],"author":[{"embeddable":true,"href":"https:\/\/egalitedesterritoires.fr\/index.php\/wp-json\/wp\/v2\/users\/2"}],"replies":[{"embeddable":true,"href":"https:\/\/egalitedesterritoires.fr\/index.php\/wp-json\/wp\/v2\/comments?post=133"}],"version-history":[{"count":11,"href":"https:\/\/egalitedesterritoires.fr\/index.php\/wp-json\/wp\/v2\/posts\/133\/revisions"}],"predecessor-version":[{"id":326,"href":"https:\/\/egalitedesterritoires.fr\/index.php\/wp-json\/wp\/v2\/posts\/133\/revisions\/326"}],"wp:attachment":[{"href":"https:\/\/egalitedesterritoires.fr\/index.php\/wp-json\/wp\/v2\/media?parent=133"}],"wp:term":[{"taxonomy":"category","embeddable":true,"href":"https:\/\/egalitedesterritoires.fr\/index.php\/wp-json\/wp\/v2\/categories?post=133"},{"taxonomy":"post_tag","embeddable":true,"href":"https:\/\/egalitedesterritoires.fr\/index.php\/wp-json\/wp\/v2\/tags?post=133"}],"curies":[{"name":"wp","href":"https:\/\/api.w.org\/{rel}","templated":true}]}}